{"id":5817,"date":"2023-11-14T14:25:35","date_gmt":"2023-11-14T17:25:35","guid":{"rendered":"https:\/\/suburbionoar.com.br\/?p=5817"},"modified":"2023-11-14T14:25:37","modified_gmt":"2023-11-14T17:25:37","slug":"comissao-da-camara-aprova-projeto-que-obriga-seguranca-armada-em-escolas-publicas-e-privadas","status":"publish","type":"post","link":"https:\/\/suburbionoar.com.br\/index.php\/2023\/11\/14\/comissao-da-camara-aprova-projeto-que-obriga-seguranca-armada-em-escolas-publicas-e-privadas\/","title":{"rendered":"Comiss\u00e3o da C\u00e2mara aprova projeto que obriga seguran\u00e7a armada em escolas p\u00fablicas e privadas"},"content":{"rendered":"\n<p>A Comiss\u00e3o de Seguran\u00e7a P\u00fablica da C\u00e2mara dos Deputados aprovou o projeto de lei que prev\u00ea a obrigatoriedade de agentes de seguran\u00e7a armados em escolas p\u00fablicas e privadas do ensino b\u00e1sico. A proposta altera a Lei n\u00ba 7.102\/83, que regulamenta a atividade da seguran\u00e7a privada no Pa\u00eds. O texto agora segue em car\u00e1ter conclusivo para as comiss\u00f5es de Educa\u00e7\u00e3o, de Constitui\u00e7\u00e3o e Justi\u00e7a e de Cidadania.<br><br>Com relatoria do deputado Ismael Alexandrino (PSD-GO), o texto aprovado na \u00faltima sexta-feira, 10, \u00e9 um substitutivo ao Projeto de Lei 3906\/23, do deputado Lenildo Sert\u00e3o, conhecido como Delegado Caveira (PL-PA). As iniciativas iniciais do texto foram mantidas pelo relator e outras foram adicionadas, como a previs\u00e3o de que as escolas tenham programas de preven\u00e7\u00e3o ao crime e \u00e0 viol\u00eancia, e que eles envolvam &#8220;promo\u00e7\u00e3o de valores c\u00edvicos e sociais&#8221;.<\/p>\n\n\n\n<p>O projeto prev\u00ea ainda que os agentes de seguran\u00e7a que trabalham nas escolas passem por cursos de gerenciamento de crises com especialistas em seguran\u00e7a p\u00fablica e educa\u00e7\u00e3o.<\/p>\n\n\n\n<p>O novo texto amplia a permiss\u00e3o de presta\u00e7\u00e3o de servi\u00e7os de seguran\u00e7a privada para empresas de portes maiores, uma vez que a medida original previa a autoriza\u00e7\u00e3o apenas para empresas de pequeno porte. Mesmo com a altera\u00e7\u00e3o, ainda ser\u00e1 a Pol\u00edcia Federal (PF) o \u00f3rg\u00e3o respons\u00e1vel por regular e definir a autoriza\u00e7\u00e3o e fiscaliza\u00e7\u00e3o dos profissionais de seguran\u00e7a privada. O texto reitera que agentes p\u00fablicos s\u00e3o proibidos de atuar na seguran\u00e7a privada.<\/p>\n\n\n\n<p>Ap\u00f3s atentados em escolas, Santa Catarina anunciou medida semelhante em abril deste ano, com a contrata\u00e7\u00e3o de policiais aposentados da reserva para fazer a seguran\u00e7a armada em escolas p\u00fablicas estaduais. O governo de S\u00e3o Paulo tamb\u00e9m anunciou em mar\u00e7o estudar a proposta de PMs da reserva atuarem de forma permanente nas escolas.<\/p>\n\n\n\n<p>O projeto tramita em car\u00e1ter conclusivo. Ou seja, n\u00e3o precisa ser votado pelo plen\u00e1rio, apenas pelas comiss\u00f5es designadas para analis\u00e1-lo. Essa qualifica\u00e7\u00e3o pode ser alterada caso alguma comiss\u00e3o d\u00ea parecer divergente ou se, ap\u00f3s a aprova\u00e7\u00e3o pelos colegiados, houver recurso contra esse rito assinado por 51 deputados (10% do total). Nos dois casos, a proposta precisar\u00e1, ent\u00e3o, ser apreciada em plen\u00e1rio.<\/p>\n\n\n\n<p>Fonte: Jornal Correio <\/p>\n","protected":false},"excerpt":{"rendered":"<p>A Comiss\u00e3o de Seguran\u00e7a P\u00fablica da C\u00e2mara dos Deputados aprovou o projeto de lei que prev\u00ea a obrigatoriedade de agentes de seguran\u00e7a armados em escolas p\u00fablicas e privadas do ensino b\u00e1sico. A proposta altera a Lei n\u00ba 7.102\/83, que regulamenta a atividade da seguran\u00e7a privada no Pa\u00eds. O texto agora segue em car\u00e1ter conclusivo para [&hellip;]<\/p>\n","protected":false},"author":2,"featured_media":5818,"comment_status":"open","ping_status":"open","sticky":false,"template":"","format":"standard","meta":{"footnotes":""},"categories":[85,91],"tags":[],"class_list":["post-5817","post","type-post","status-publish","format-standard","has-post-thumbnail","hentry","category-noticias","category-politica"],"_links":{"self":[{"href":"https:\/\/suburbionoar.com.br\/index.php\/wp-json\/wp\/v2\/posts\/5817","targetHints":{"allow":["GET"]}}],"collection":[{"href":"https:\/\/suburbionoar.com.br\/index.php\/wp-json\/wp\/v2\/posts"}],"about":[{"href":"https:\/\/suburbionoar.com.br\/index.php\/wp-json\/wp\/v2\/types\/post"}],"author":[{"embeddable":true,"href":"https:\/\/suburbionoar.com.br\/index.php\/wp-json\/wp\/v2\/users\/2"}],"replies":[{"embeddable":true,"href":"https:\/\/suburbionoar.com.br\/index.php\/wp-json\/wp\/v2\/comments?post=5817"}],"version-history":[{"count":1,"href":"https:\/\/suburbionoar.com.br\/index.php\/wp-json\/wp\/v2\/posts\/5817\/revisions"}],"predecessor-version":[{"id":5819,"href":"https:\/\/suburbionoar.com.br\/index.php\/wp-json\/wp\/v2\/posts\/5817\/revisions\/5819"}],"wp:featuredmedia":[{"embeddable":true,"href":"https:\/\/suburbionoar.com.br\/index.php\/wp-json\/wp\/v2\/media\/5818"}],"wp:attachment":[{"href":"https:\/\/suburbionoar.com.br\/index.php\/wp-json\/wp\/v2\/media?parent=5817"}],"wp:term":[{"taxonomy":"category","embeddable":true,"href":"https:\/\/suburbionoar.com.br\/index.php\/wp-json\/wp\/v2\/categories?post=5817"},{"taxonomy":"post_tag","embeddable":true,"href":"https:\/\/suburbionoar.com.br\/index.php\/wp-json\/wp\/v2\/tags?post=5817"}],"curies":[{"name":"wp","href":"https:\/\/api.w.org\/{rel}","templated":true}]}}