{"id":5333,"date":"2023-10-27T11:11:09","date_gmt":"2023-10-27T14:11:09","guid":{"rendered":"https:\/\/suburbionoar.com.br\/?p=5333"},"modified":"2023-10-27T11:11:11","modified_gmt":"2023-10-27T14:11:11","slug":"pt-bahia-aprova-filiacao-de-cinco-novos-prefeitos","status":"publish","type":"post","link":"https:\/\/suburbionoar.com.br\/index.php\/2023\/10\/27\/pt-bahia-aprova-filiacao-de-cinco-novos-prefeitos\/","title":{"rendered":"PT Bahia aprova filia\u00e7\u00e3o de cinco novos prefeitos"},"content":{"rendered":"\n<p>Em reuni\u00e3o da Executiva Estadual realizada nesta quarta-feira, 25, o Partido dos Trabalhadores da Bahia aprovou a filia\u00e7\u00e3o de cinco novos prefeitos. Foram validadas as filia\u00e7\u00f5es do prefeito Orgeto Bastos, de Pil\u00e3o Arcado; Renato Brand\u00e3o de Oliveira, de Andorinhas; Nandinho da Serraria, de Esplanada; L\u00e9lio J\u00fanior, de Presidente J\u00e2nio Quadros e Zico de Baiato, de Alcoba\u00e7a.<\/p>\n\n\n\n<p>Com a chegada dos cinco novos prefeitos, somada aos cinco novos gestores que se filiaram ao PT no primeiro semestre &#8211; Pequeno Sales, de Catu; Dr Marcelo, de Cocos; Jo\u00e3o Vei, de Lafaiete Coutinho; Romi de Planaltino e Ulysses Veiga, de Pira\u00ed do Norte &#8211; a legenda conta agora com 42 prefeitos no estado. O objetivo para as elei\u00e7\u00f5es de 2024 \u00e9 aumentar o n\u00famero de gestores do PT e da Federa\u00e7\u00e3o para levar o projeto de desenvolvimento e inclus\u00e3o social do presidente Lula e do governador Jer\u00f4nimo ao maior n\u00famero de munic\u00edpios baianos.<\/p>\n\n\n\n<p>O presidente do PT Bahia, \u00c9den Valadares, reafirmou os crit\u00e9rios estabelecidos e pactuados pela Dire\u00e7\u00e3o Estadual da legenda para filia\u00e7\u00e3o de novos prefeitos ao PT. De acordo com o dirigente, o partido s\u00f3 aceitar\u00e1 gestores que votaram em Lula e Jer\u00f4nimo no primeiro turno das elei\u00e7\u00f5es gerais, que tenham disposi\u00e7\u00e3o de apoiar deputados do partido e de dialogar com os diret\u00f3rios municipais do PT.&nbsp;<\/p>\n\n\n\n<p>\u201cA chegada dos novos companheiros nos alegra e nos anima. S\u00e3o gestores que se comprometem com os nossos prop\u00f3sitos, que \u00e9 continuar transformando a vida dos baianos, ao lado de Jer\u00f4nimo e de Lula, para fazermos da Bahia um estado melhor ainda para seu povo, com mais oportunidade de trabalho, de crescimento, de uma vida digna, com acesso \u00e0 sa\u00fade e educa\u00e7\u00e3o de qualidades\u201d, afirmou o presidente do PT Bahia.<\/p>\n\n\n\n<p>Fonte: TRBN <\/p>\n","protected":false},"excerpt":{"rendered":"<p>Em reuni\u00e3o da Executiva Estadual realizada nesta quarta-feira, 25, o Partido dos Trabalhadores da Bahia aprovou a filia\u00e7\u00e3o de cinco novos prefeitos. Foram validadas as filia\u00e7\u00f5es do prefeito Orgeto Bastos, de Pil\u00e3o Arcado; Renato Brand\u00e3o de Oliveira, de Andorinhas; Nandinho da Serraria, de Esplanada; L\u00e9lio J\u00fanior, de Presidente J\u00e2nio Quadros e Zico de Baiato, de [&hellip;]<\/p>\n","protected":false},"author":2,"featured_media":5334,"comment_status":"open","ping_status":"open","sticky":false,"template":"","format":"standard","meta":{"footnotes":""},"categories":[91],"tags":[],"class_list":["post-5333","post","type-post","status-publish","format-standard","has-post-thumbnail","hentry","category-politica"],"_links":{"self":[{"href":"https:\/\/suburbionoar.com.br\/index.php\/wp-json\/wp\/v2\/posts\/5333","targetHints":{"allow":["GET"]}}],"collection":[{"href":"https:\/\/suburbionoar.com.br\/index.php\/wp-json\/wp\/v2\/posts"}],"about":[{"href":"https:\/\/suburbionoar.com.br\/index.php\/wp-json\/wp\/v2\/types\/post"}],"author":[{"embeddable":true,"href":"https:\/\/suburbionoar.com.br\/index.php\/wp-json\/wp\/v2\/users\/2"}],"replies":[{"embeddable":true,"href":"https:\/\/suburbionoar.com.br\/index.php\/wp-json\/wp\/v2\/comments?post=5333"}],"version-history":[{"count":1,"href":"https:\/\/suburbionoar.com.br\/index.php\/wp-json\/wp\/v2\/posts\/5333\/revisions"}],"predecessor-version":[{"id":5335,"href":"https:\/\/suburbionoar.com.br\/index.php\/wp-json\/wp\/v2\/posts\/5333\/revisions\/5335"}],"wp:featuredmedia":[{"embeddable":true,"href":"https:\/\/suburbionoar.com.br\/index.php\/wp-json\/wp\/v2\/media\/5334"}],"wp:attachment":[{"href":"https:\/\/suburbionoar.com.br\/index.php\/wp-json\/wp\/v2\/media?parent=5333"}],"wp:term":[{"taxonomy":"category","embeddable":true,"href":"https:\/\/suburbionoar.com.br\/index.php\/wp-json\/wp\/v2\/categories?post=5333"},{"taxonomy":"post_tag","embeddable":true,"href":"https:\/\/suburbionoar.com.br\/index.php\/wp-json\/wp\/v2\/tags?post=5333"}],"curies":[{"name":"wp","href":"https:\/\/api.w.org\/{rel}","templated":true}]}}