{"id":5296,"date":"2023-10-25T15:04:40","date_gmt":"2023-10-25T18:04:40","guid":{"rendered":"https:\/\/suburbionoar.com.br\/?p=5296"},"modified":"2023-10-25T15:04:42","modified_gmt":"2023-10-25T18:04:42","slug":"na-luta-contra-o-rebaixamento-santos-tera-forca-maxima-para-receber-a-visita-de-vice-lanterna","status":"publish","type":"post","link":"https:\/\/suburbionoar.com.br\/index.php\/2023\/10\/25\/na-luta-contra-o-rebaixamento-santos-tera-forca-maxima-para-receber-a-visita-de-vice-lanterna\/","title":{"rendered":"Na luta contra o rebaixamento, Santos ter\u00e1 for\u00e7a m\u00e1xima para receber a visita de vice-lanterna"},"content":{"rendered":"\n<p>Lutando contra o rebaixamento, o Santos ter\u00e1 for\u00e7a m\u00e1xima para enfrentar o vice-lanterna Coritiba, nesta quinta-feira (26), \u00e0s 21h30, na Vila Belmiro, pela 29\u00aa rodada do Campeonato Brasileiro. Ap\u00f3s cumprir suspens\u00e3o, o trio formado pelo goleiro Jo\u00e3o Paulo, o meia Jean Lucas e o atacante Soteldo volta a ficar \u00e0 disposi\u00e7\u00e3o do t\u00e9cnico Marcelo Fernandes.<\/p>\n\n\n\n<p>Com os tr\u00eas jogadores de volta, Marcelo Fernandes poder\u00e1 colocar o time que considera ideal em campo diante do Coxa. No entanto, segundo o site ge.globo, o treinador ainda n\u00e3o bateu o martelo sobre a escala\u00e7\u00e3o e mudan\u00e7as na equipe n\u00e3o est\u00e3o descartadas. Pe\u00e7a-chave no esquema, o venezuelano Soteldo retornou ao clube paulista com sintomas de virose ap\u00f3s servir a sele\u00e7\u00e3o na data Fifa de outubro. Ele foi desfalque da goleada para o Inter por 7 a 1, no \u00faltimo domingo (22), mas est\u00e1 recuperado para encarar o time paranaense. O Peixe deve entrar em campo com:\u00a0<strong>Jo\u00e3o Paulo; Joaquim, Jo\u00e3o Basso e Dod\u00f4; Lucas Braga, Tom\u00e1s Rinc\u00f3n, Jean Lucas, Lucas Lima e Kevyson; Soteldo e Marcos Leonardo<\/strong>.<\/p>\n\n\n\n<p>Afundado na zona de rebaixamento, o Santos ocupa o 18\u00ba lugar da tabela de classifica\u00e7\u00e3o com 30 pontos, um a menos do que o Goi\u00e1s, que est\u00e1 fora da degola em 16\u00ba. Com 20, o Coritiba \u00e9 o 19\u00ba.<\/p>\n\n\n\n<p>Fonte: Bahia Not\u00edcias <\/p>\n","protected":false},"excerpt":{"rendered":"<p>Lutando contra o rebaixamento, o Santos ter\u00e1 for\u00e7a m\u00e1xima para enfrentar o vice-lanterna Coritiba, nesta quinta-feira (26), \u00e0s 21h30, na Vila Belmiro, pela 29\u00aa rodada do Campeonato Brasileiro. Ap\u00f3s cumprir suspens\u00e3o, o trio formado pelo goleiro Jo\u00e3o Paulo, o meia Jean Lucas e o atacante Soteldo volta a ficar \u00e0 disposi\u00e7\u00e3o do t\u00e9cnico Marcelo Fernandes. [&hellip;]<\/p>\n","protected":false},"author":2,"featured_media":5297,"comment_status":"open","ping_status":"open","sticky":false,"template":"","format":"standard","meta":{"footnotes":""},"categories":[89],"tags":[],"class_list":["post-5296","post","type-post","status-publish","format-standard","has-post-thumbnail","hentry","category-esportes"],"_links":{"self":[{"href":"https:\/\/suburbionoar.com.br\/index.php\/wp-json\/wp\/v2\/posts\/5296","targetHints":{"allow":["GET"]}}],"collection":[{"href":"https:\/\/suburbionoar.com.br\/index.php\/wp-json\/wp\/v2\/posts"}],"about":[{"href":"https:\/\/suburbionoar.com.br\/index.php\/wp-json\/wp\/v2\/types\/post"}],"author":[{"embeddable":true,"href":"https:\/\/suburbionoar.com.br\/index.php\/wp-json\/wp\/v2\/users\/2"}],"replies":[{"embeddable":true,"href":"https:\/\/suburbionoar.com.br\/index.php\/wp-json\/wp\/v2\/comments?post=5296"}],"version-history":[{"count":1,"href":"https:\/\/suburbionoar.com.br\/index.php\/wp-json\/wp\/v2\/posts\/5296\/revisions"}],"predecessor-version":[{"id":5298,"href":"https:\/\/suburbionoar.com.br\/index.php\/wp-json\/wp\/v2\/posts\/5296\/revisions\/5298"}],"wp:featuredmedia":[{"embeddable":true,"href":"https:\/\/suburbionoar.com.br\/index.php\/wp-json\/wp\/v2\/media\/5297"}],"wp:attachment":[{"href":"https:\/\/suburbionoar.com.br\/index.php\/wp-json\/wp\/v2\/media?parent=5296"}],"wp:term":[{"taxonomy":"category","embeddable":true,"href":"https:\/\/suburbionoar.com.br\/index.php\/wp-json\/wp\/v2\/categories?post=5296"},{"taxonomy":"post_tag","embeddable":true,"href":"https:\/\/suburbionoar.com.br\/index.php\/wp-json\/wp\/v2\/tags?post=5296"}],"curies":[{"name":"wp","href":"https:\/\/api.w.org\/{rel}","templated":true}]}}