{"id":5170,"date":"2023-10-23T12:57:37","date_gmt":"2023-10-23T15:57:37","guid":{"rendered":"https:\/\/suburbionoar.com.br\/?p=5170"},"modified":"2023-10-23T12:57:39","modified_gmt":"2023-10-23T15:57:39","slug":"torcedor-do-vitoria-e-agredido-e-tem-camisa-arrancada-por-suspeitos","status":"publish","type":"post","link":"https:\/\/suburbionoar.com.br\/index.php\/2023\/10\/23\/torcedor-do-vitoria-e-agredido-e-tem-camisa-arrancada-por-suspeitos\/","title":{"rendered":"Torcedor do Vit\u00f3ria \u00e9 agredido e tem camisa arrancada por suspeitos"},"content":{"rendered":"\n<p>Um torcedor do Vit\u00f3ria foi agredido por suspeitos na tarde do \u00faltimo s\u00e1bado (21), quando chegava em casa, no bairro da Gra\u00e7a, em Salvador.<br><\/p>\n\n\n\n<p>Ele estava acompanhado do irm\u00e3o e da cunhada, quando foi puxado por um suspeito, que vestia a camisa do Bahia. O criminoso chegou a invadir o pr\u00e9dio. C\u00e2meras de seguran\u00e7a do pr\u00e9dio registraram o crime.<\/p>\n\n\n\n<p>Nas imagens \u00e9 poss\u00edvel ver que a v\u00edtima, que usava uma camisa da torcida organizada Imbat\u00edveis, do Vit\u00f3ria, chega ao pr\u00e9dio com outras duas pessoas.Ap\u00f3s isso, um homem, vestido com a camisa do Bahia, se aproxima e entra no pr\u00e9dio puxando a v\u00edtima para fora do local.<\/p>\n\n\n\n<p>\u00c9 nesse momento que um terceiro homem, que estava no passeio, se junta para cometer as agress\u00f5es. A v\u00edtima chega a ser jogada no ch\u00e3o e arrastada, enquanto as outras duas pessoas que estavam com ele tentam apartar a confus\u00e3o.<\/p>\n\n\n\n<p>De acordo com relato da v\u00edtima, um dos suspeitos teria dito que fazia parte da torcida organizada Bamor. Em resposta, o presidente da torcida disse que o homem n\u00e3o estaria associado \u00e0 Bamor.<\/p>\n\n\n\n<h3 class=\"wp-block-heading\">Times se pronunciaram<\/h3>\n\n\n\n<p>Em nota, o Vit\u00f3ria repudiou a a\u00e7\u00e3o e afirmou que o time n\u00e3o representa a torcida organizada dos Imbat\u00edveis, al\u00e9m de reiterar que esse \u00e9 um caso de pol\u00edcia. A Pol\u00edcia Militar foi contatada, mas afirmou que n\u00e3o houve acionamento.<\/p>\n\n\n\n<p>Em entrevista para a TV Bahia, a v\u00edtima afirmou que estava com depress\u00e3o, foi a primeira vez que ele saiu de casa em um m\u00eas e, por conta disso, n\u00e3o havia registrado um Boletim de Ocorr\u00eancia, mas vai procurar os meios legais para resolver a situa\u00e7\u00e3o.<\/p>\n\n\n\n<p>O Bahia tamb\u00e9m se pronunciou, por meio de nota, onde afirmou que &#8220;lamenta o ocorrido e repudia qualquer ato de viol\u00eancia&#8221;.<\/p>\n\n\n\n<p>Fonte: iBahia <\/p>\n","protected":false},"excerpt":{"rendered":"<p>Um torcedor do Vit\u00f3ria foi agredido por suspeitos na tarde do \u00faltimo s\u00e1bado (21), quando chegava em casa, no bairro da Gra\u00e7a, em Salvador. Ele estava acompanhado do irm\u00e3o e da cunhada, quando foi puxado por um suspeito, que vestia a camisa do Bahia. O criminoso chegou a invadir o pr\u00e9dio. C\u00e2meras de seguran\u00e7a do [&hellip;]<\/p>\n","protected":false},"author":2,"featured_media":5171,"comment_status":"open","ping_status":"open","sticky":false,"template":"","format":"standard","meta":{"footnotes":""},"categories":[89],"tags":[],"class_list":["post-5170","post","type-post","status-publish","format-standard","has-post-thumbnail","hentry","category-esportes"],"_links":{"self":[{"href":"https:\/\/suburbionoar.com.br\/index.php\/wp-json\/wp\/v2\/posts\/5170","targetHints":{"allow":["GET"]}}],"collection":[{"href":"https:\/\/suburbionoar.com.br\/index.php\/wp-json\/wp\/v2\/posts"}],"about":[{"href":"https:\/\/suburbionoar.com.br\/index.php\/wp-json\/wp\/v2\/types\/post"}],"author":[{"embeddable":true,"href":"https:\/\/suburbionoar.com.br\/index.php\/wp-json\/wp\/v2\/users\/2"}],"replies":[{"embeddable":true,"href":"https:\/\/suburbionoar.com.br\/index.php\/wp-json\/wp\/v2\/comments?post=5170"}],"version-history":[{"count":1,"href":"https:\/\/suburbionoar.com.br\/index.php\/wp-json\/wp\/v2\/posts\/5170\/revisions"}],"predecessor-version":[{"id":5172,"href":"https:\/\/suburbionoar.com.br\/index.php\/wp-json\/wp\/v2\/posts\/5170\/revisions\/5172"}],"wp:featuredmedia":[{"embeddable":true,"href":"https:\/\/suburbionoar.com.br\/index.php\/wp-json\/wp\/v2\/media\/5171"}],"wp:attachment":[{"href":"https:\/\/suburbionoar.com.br\/index.php\/wp-json\/wp\/v2\/media?parent=5170"}],"wp:term":[{"taxonomy":"category","embeddable":true,"href":"https:\/\/suburbionoar.com.br\/index.php\/wp-json\/wp\/v2\/categories?post=5170"},{"taxonomy":"post_tag","embeddable":true,"href":"https:\/\/suburbionoar.com.br\/index.php\/wp-json\/wp\/v2\/tags?post=5170"}],"curies":[{"name":"wp","href":"https:\/\/api.w.org\/{rel}","templated":true}]}}