{"id":5167,"date":"2023-10-23T12:46:20","date_gmt":"2023-10-23T15:46:20","guid":{"rendered":"https:\/\/suburbionoar.com.br\/?p=5167"},"modified":"2023-10-23T12:46:22","modified_gmt":"2023-10-23T15:46:22","slug":"wagner-moura-apoia-campanha-pela-criacao-da-bahia-filmes-em-2023","status":"publish","type":"post","link":"https:\/\/suburbionoar.com.br\/index.php\/2023\/10\/23\/wagner-moura-apoia-campanha-pela-criacao-da-bahia-filmes-em-2023\/","title":{"rendered":"Wagner Moura apoia campanha pela cria\u00e7\u00e3o da Bahia Filmes em 2023"},"content":{"rendered":"\n<p>&#8220;Quero expressar o meu total apoio&#8221;, diz o ator e diretor Wagner Moura sobre a campanha que pede a cria\u00e7\u00e3o da Bahia Filmes (empresa p\u00fablica de audiovisual do estado), ainda em 2023, pelo governador Jer\u00f4nimo Rodrigues (PT).<\/p>\n\n\n\n<p>Em v\u00eddeo gravado especialmente com esse fim, Wagner destaca que, al\u00e9m da import\u00e2ncia cultural e art\u00edstica, na &#8220;terra de Glauber Rocha&#8221;, a cria\u00e7\u00e3o da empresa tem relev\u00e2ncia econ\u00f4mica para o estado. &#8220;\u00c9 tamb\u00e9m um projeto econ\u00f4mico importante para a Bahia, que gerar\u00e1 milhares de empregos diretos e indiretos&#8221;, disse.&nbsp;<\/p>\n\n\n\n<p>E completou: &#8220;O entendimento de que o audiovisual \u00e9 um produto importante na economia, sobretudo de um estado potente como a Bahia, \u00e9 fundamental. Esse \u00e9 um projeto que constou na campanha do governador Jer\u00f4nimo e que j\u00e1 foi abarcado pela Secretaria de Cultura, Secretaria de Planejamento e Desenvolvimento, Ci\u00eancia e Tecnologia, enfim, v\u00e1rias secretarias&#8230; e precisa agora ser implementado ainda esse ano pelo pr\u00f3prio governador e pela Assembleia&#8221;.<\/p>\n\n\n\n<p>A cria\u00e7\u00e3o da Bahia Filmes \u00e9 uma reividinca\u00e7\u00e3o de v\u00e1rios setores e agentes do audiovisual baiano e foi uma promessa de campanha do governador Jer\u00f4nimo Rodrigues. Em reuni\u00e3o realizada em setembro, o diretor da Dimas, Pedro Carib\u00e9, anunciou a cria\u00e7\u00e3o de um Grupo de Trabalho, com participa\u00e7\u00e3o da sociedade civil e do poder p\u00fablico, para produ\u00e7\u00e3o da minuta de lei que cria a empresa, a ser apresentada \u00e0 Assembleia Legislativa da Bahia.<\/p>\n\n\n\n<p>Fonte: Metro1 <\/p>\n","protected":false},"excerpt":{"rendered":"<p>&#8220;Quero expressar o meu total apoio&#8221;, diz o ator e diretor Wagner Moura sobre a campanha que pede a cria\u00e7\u00e3o da Bahia Filmes (empresa p\u00fablica de audiovisual do estado), ainda em 2023, pelo governador Jer\u00f4nimo Rodrigues (PT). Em v\u00eddeo gravado especialmente com esse fim, Wagner destaca que, al\u00e9m da import\u00e2ncia cultural e art\u00edstica, na &#8220;terra [&hellip;]<\/p>\n","protected":false},"author":2,"featured_media":5168,"comment_status":"open","ping_status":"open","sticky":false,"template":"","format":"standard","meta":{"footnotes":""},"categories":[96],"tags":[],"class_list":["post-5167","post","type-post","status-publish","format-standard","has-post-thumbnail","hentry","category-cultura"],"_links":{"self":[{"href":"https:\/\/suburbionoar.com.br\/index.php\/wp-json\/wp\/v2\/posts\/5167","targetHints":{"allow":["GET"]}}],"collection":[{"href":"https:\/\/suburbionoar.com.br\/index.php\/wp-json\/wp\/v2\/posts"}],"about":[{"href":"https:\/\/suburbionoar.com.br\/index.php\/wp-json\/wp\/v2\/types\/post"}],"author":[{"embeddable":true,"href":"https:\/\/suburbionoar.com.br\/index.php\/wp-json\/wp\/v2\/users\/2"}],"replies":[{"embeddable":true,"href":"https:\/\/suburbionoar.com.br\/index.php\/wp-json\/wp\/v2\/comments?post=5167"}],"version-history":[{"count":1,"href":"https:\/\/suburbionoar.com.br\/index.php\/wp-json\/wp\/v2\/posts\/5167\/revisions"}],"predecessor-version":[{"id":5169,"href":"https:\/\/suburbionoar.com.br\/index.php\/wp-json\/wp\/v2\/posts\/5167\/revisions\/5169"}],"wp:featuredmedia":[{"embeddable":true,"href":"https:\/\/suburbionoar.com.br\/index.php\/wp-json\/wp\/v2\/media\/5168"}],"wp:attachment":[{"href":"https:\/\/suburbionoar.com.br\/index.php\/wp-json\/wp\/v2\/media?parent=5167"}],"wp:term":[{"taxonomy":"category","embeddable":true,"href":"https:\/\/suburbionoar.com.br\/index.php\/wp-json\/wp\/v2\/categories?post=5167"},{"taxonomy":"post_tag","embeddable":true,"href":"https:\/\/suburbionoar.com.br\/index.php\/wp-json\/wp\/v2\/tags?post=5167"}],"curies":[{"name":"wp","href":"https:\/\/api.w.org\/{rel}","templated":true}]}}