{"id":4990,"date":"2023-10-16T11:13:36","date_gmt":"2023-10-16T14:13:36","guid":{"rendered":"https:\/\/suburbionoar.com.br\/?p=4990"},"modified":"2023-10-16T11:13:38","modified_gmt":"2023-10-16T14:13:38","slug":"homem-e-decapitado-durante-briga-com-vizinho-suspeito-e-preso-flagrante","status":"publish","type":"post","link":"https:\/\/suburbionoar.com.br\/index.php\/2023\/10\/16\/homem-e-decapitado-durante-briga-com-vizinho-suspeito-e-preso-flagrante\/","title":{"rendered":"Homem \u00e9 decapitado durante briga com vizinho; suspeito \u00e9 preso flagrante"},"content":{"rendered":"\n<p>Um homem foi decapitado na tarde deste s\u00e1bado (14), durante briga com o vizinho em\u00a0Regenera\u00e7\u00e3o (PI). A v\u00edtima foi identificada como Lu\u00eds da Cruz Monteiro da Silva.<\/p>\n\n\n\n<p>O suspeito, que tamb\u00e9m estava ferido,\u00a0foi preso em flagrante.<\/p>\n\n\n\n<p>De acordo com o coronel Valdeney Pacheco,\u00a0comandante do 18\u00b0 Batalh\u00e3o da Pol\u00edcia Militar,\u00a0populares disseram que Lu\u00eds da Cruz foi at\u00e9 a resid\u00eancia do vizinho, Francisco Soares da Silva, e come\u00e7aram uma discuss\u00e3o.<\/p>\n\n\n\n<p>&#8220;O suspeito contou que estava fazendo comida, quando Lu\u00eds da Cruz cortou ele nos bra\u00e7os e no ombro. Francisco Soares decapitou o vizinho com um fac\u00e3o. Ainda n\u00e3o se sabe o motivo da briga&#8221;, informou.<\/p>\n\n\n\n<p>A pol\u00edcia foi acionada e informada por vizinhos que o suspeito do crime estava escondido. Ele foi preso,\u00a0levado ao hospital\u00a0e para a Delegacia de \u00c1gua Branca.<\/p>\n\n\n\n<p>Ele foi detido em flagrante por homic\u00eddio. A\u00a0Pol\u00edcia Civil \u00e9 respons\u00e1vel pela investiga\u00e7\u00e3o do caso.<\/p>\n\n\n\n<p>Fonte: Varela Net<\/p>\n","protected":false},"excerpt":{"rendered":"<p>Um homem foi decapitado na tarde deste s\u00e1bado (14), durante briga com o vizinho em\u00a0Regenera\u00e7\u00e3o (PI). A v\u00edtima foi identificada como Lu\u00eds da Cruz Monteiro da Silva. O suspeito, que tamb\u00e9m estava ferido,\u00a0foi preso em flagrante. De acordo com o coronel Valdeney Pacheco,\u00a0comandante do 18\u00b0 Batalh\u00e3o da Pol\u00edcia Militar,\u00a0populares disseram que Lu\u00eds da Cruz foi [&hellip;]<\/p>\n","protected":false},"author":2,"featured_media":4991,"comment_status":"open","ping_status":"open","sticky":false,"template":"","format":"standard","meta":{"footnotes":""},"categories":[105],"tags":[],"class_list":["post-4990","post","type-post","status-publish","format-standard","has-post-thumbnail","hentry","category-policia"],"_links":{"self":[{"href":"https:\/\/suburbionoar.com.br\/index.php\/wp-json\/wp\/v2\/posts\/4990","targetHints":{"allow":["GET"]}}],"collection":[{"href":"https:\/\/suburbionoar.com.br\/index.php\/wp-json\/wp\/v2\/posts"}],"about":[{"href":"https:\/\/suburbionoar.com.br\/index.php\/wp-json\/wp\/v2\/types\/post"}],"author":[{"embeddable":true,"href":"https:\/\/suburbionoar.com.br\/index.php\/wp-json\/wp\/v2\/users\/2"}],"replies":[{"embeddable":true,"href":"https:\/\/suburbionoar.com.br\/index.php\/wp-json\/wp\/v2\/comments?post=4990"}],"version-history":[{"count":1,"href":"https:\/\/suburbionoar.com.br\/index.php\/wp-json\/wp\/v2\/posts\/4990\/revisions"}],"predecessor-version":[{"id":4992,"href":"https:\/\/suburbionoar.com.br\/index.php\/wp-json\/wp\/v2\/posts\/4990\/revisions\/4992"}],"wp:featuredmedia":[{"embeddable":true,"href":"https:\/\/suburbionoar.com.br\/index.php\/wp-json\/wp\/v2\/media\/4991"}],"wp:attachment":[{"href":"https:\/\/suburbionoar.com.br\/index.php\/wp-json\/wp\/v2\/media?parent=4990"}],"wp:term":[{"taxonomy":"category","embeddable":true,"href":"https:\/\/suburbionoar.com.br\/index.php\/wp-json\/wp\/v2\/categories?post=4990"},{"taxonomy":"post_tag","embeddable":true,"href":"https:\/\/suburbionoar.com.br\/index.php\/wp-json\/wp\/v2\/tags?post=4990"}],"curies":[{"name":"wp","href":"https:\/\/api.w.org\/{rel}","templated":true}]}}