{"id":4953,"date":"2023-10-11T14:21:10","date_gmt":"2023-10-11T17:21:10","guid":{"rendered":"https:\/\/suburbionoar.com.br\/?p=4953"},"modified":"2023-10-11T14:21:12","modified_gmt":"2023-10-11T17:21:12","slug":"prefeitura-enviara-a-cms-projeto-que-libera-meia-entrada-em-eventos-culturais-para-professores","status":"publish","type":"post","link":"https:\/\/suburbionoar.com.br\/index.php\/2023\/10\/11\/prefeitura-enviara-a-cms-projeto-que-libera-meia-entrada-em-eventos-culturais-para-professores\/","title":{"rendered":"Prefeitura enviar\u00e1 \u00e0 CMS projeto que libera meia-entrada em eventos culturais para professores"},"content":{"rendered":"\n<p>Um projeto que prop\u00f5e a meia-entrada em eventos culturais e recreativos aos professores da rede municipal de ensino ser\u00e1 encaminhado \u00e0 C\u00e2mara dos Vereadores, nesta quarta-feira (11), pelo prefeito de Salvador, Bruno Reis (Uni\u00e3o). Anunciada pelo gestor municipal, a medida foi criada em celebra\u00e7\u00e3o ao Dia do Professor, comemorado em 15 de outubro.<\/p>\n\n\n\n<p>\u201cEstamos mandando para a C\u00e2mara hoje o projeto de lei da meia-entrada para os professores. Ent\u00e3o, este benef\u00edcio, que j\u00e1 era dos estudantes, tamb\u00e9m ser\u00e1 agora um direito dos professores, que pagar\u00e3o meia nos cinemas, teatros, casas de espet\u00e1culos e eventos diversos\u201d, afirmou Bruno Reis.<\/p>\n\n\n\n<p>A estimativa inicial \u00e9 que aproximadamente 10 mil profissionais da \u00e1rea da Educa\u00e7\u00e3o ser\u00e3o beneficiados com a iniciativa. \u201cEduca\u00e7\u00e3o e cultura t\u00eam tudo a ver. E esta \u00e9 uma forma de homenagear os professores em fun\u00e7\u00e3o do dia 15 de outubro\u201d, disse Thiago Dantas, secret\u00e1rio de Educa\u00e7\u00e3o.<\/p>\n\n\n\n<p>Fonte: Metro1 <\/p>\n","protected":false},"excerpt":{"rendered":"<p>Um projeto que prop\u00f5e a meia-entrada em eventos culturais e recreativos aos professores da rede municipal de ensino ser\u00e1 encaminhado \u00e0 C\u00e2mara dos Vereadores, nesta quarta-feira (11), pelo prefeito de Salvador, Bruno Reis (Uni\u00e3o). Anunciada pelo gestor municipal, a medida foi criada em celebra\u00e7\u00e3o ao Dia do Professor, comemorado em 15 de outubro. \u201cEstamos mandando [&hellip;]<\/p>\n","protected":false},"author":2,"featured_media":4954,"comment_status":"open","ping_status":"open","sticky":false,"template":"","format":"standard","meta":{"footnotes":""},"categories":[91],"tags":[],"class_list":["post-4953","post","type-post","status-publish","format-standard","has-post-thumbnail","hentry","category-politica"],"_links":{"self":[{"href":"https:\/\/suburbionoar.com.br\/index.php\/wp-json\/wp\/v2\/posts\/4953","targetHints":{"allow":["GET"]}}],"collection":[{"href":"https:\/\/suburbionoar.com.br\/index.php\/wp-json\/wp\/v2\/posts"}],"about":[{"href":"https:\/\/suburbionoar.com.br\/index.php\/wp-json\/wp\/v2\/types\/post"}],"author":[{"embeddable":true,"href":"https:\/\/suburbionoar.com.br\/index.php\/wp-json\/wp\/v2\/users\/2"}],"replies":[{"embeddable":true,"href":"https:\/\/suburbionoar.com.br\/index.php\/wp-json\/wp\/v2\/comments?post=4953"}],"version-history":[{"count":1,"href":"https:\/\/suburbionoar.com.br\/index.php\/wp-json\/wp\/v2\/posts\/4953\/revisions"}],"predecessor-version":[{"id":4955,"href":"https:\/\/suburbionoar.com.br\/index.php\/wp-json\/wp\/v2\/posts\/4953\/revisions\/4955"}],"wp:featuredmedia":[{"embeddable":true,"href":"https:\/\/suburbionoar.com.br\/index.php\/wp-json\/wp\/v2\/media\/4954"}],"wp:attachment":[{"href":"https:\/\/suburbionoar.com.br\/index.php\/wp-json\/wp\/v2\/media?parent=4953"}],"wp:term":[{"taxonomy":"category","embeddable":true,"href":"https:\/\/suburbionoar.com.br\/index.php\/wp-json\/wp\/v2\/categories?post=4953"},{"taxonomy":"post_tag","embeddable":true,"href":"https:\/\/suburbionoar.com.br\/index.php\/wp-json\/wp\/v2\/tags?post=4953"}],"curies":[{"name":"wp","href":"https:\/\/api.w.org\/{rel}","templated":true}]}}