{"id":4873,"date":"2023-10-09T11:49:55","date_gmt":"2023-10-09T14:49:55","guid":{"rendered":"https:\/\/suburbionoar.com.br\/?p=4873"},"modified":"2023-10-09T11:49:57","modified_gmt":"2023-10-09T14:49:57","slug":"jeronimo-anuncia-instalacoes-de-pontos-de-recargas-para-carros-eletricos-em-postos-de-combustiveis-na-bahia","status":"publish","type":"post","link":"https:\/\/suburbionoar.com.br\/index.php\/2023\/10\/09\/jeronimo-anuncia-instalacoes-de-pontos-de-recargas-para-carros-eletricos-em-postos-de-combustiveis-na-bahia\/","title":{"rendered":"Jer\u00f4nimo anuncia instala\u00e7\u00f5es de pontos de recargas para carros el\u00e9tricos em postos de combust\u00edveis na Bahia"},"content":{"rendered":"\n<p>O governador da Bahia, Jer\u00f4nimo Rodrigues (PT), anunciou a instala\u00e7\u00e3o de pontos de recarga para\u00a0carros el\u00e9tricos e h\u00edbridos\u00a0nos postos de combust\u00edveis. A declara\u00e7\u00e3o foi feita na\u00a0R\u00e1dio Metropole, nesta segunda-feira (9), dia em que a empresa chinesa Build Your Dreams (BYD)\u00a0oficializa\u00a0a implementa\u00e7\u00e3o de unidades fabris no polo industrial de Cama\u00e7ari, na Regi\u00e3o Metropolitana de Salvador.\u00a0<\/p>\n\n\n\n<p>O gestor baiano ressaltou ainda a forma\u00e7\u00e3o de empregos diretos e indiretos que a chegada da empresa \u00e0 Bahia vai proporcionar. \u201cN\u00f3s, com a chegada da BYD, estamos falando de 5 mil empregos diretos, \u00e9 uma dinamiza\u00e7\u00e3o naquele polo sem tamanho. Se voc\u00ea pensar que a cadeia produtiva, al\u00e9m dos empregos diretos, teremos as instala\u00e7\u00f5es das subsidi\u00e1rias, das empresas que v\u00e3o ali produzir emprego, pintar pe\u00e7as e assim por diante. Teremos uma nova rede nos postos com ponto de carga para carros el\u00e9tricos. Ent\u00e3o estamos trazendo uma oportunidade de ainda mais empregos, pois todos os postos ser\u00e3o remodelados para ter uma carga para carro el\u00e9trico\u201d, declarou.<\/p>\n\n\n\n<p>A BYD assume o complexo onde\u00a0antes operava a empresa americana Ford, que fechou as f\u00e1bricas no Brasil em janeiro de 2021. A negocia\u00e7\u00e3o entre as empresas foi extensa, mas Jer\u00f4nimo disse que o per\u00edodo aconteceu em um \u201cprocesso natural\u201d.\u00a0<\/p>\n\n\n\n<p>Fonte: Metro1 <\/p>\n","protected":false},"excerpt":{"rendered":"<p>O governador da Bahia, Jer\u00f4nimo Rodrigues (PT), anunciou a instala\u00e7\u00e3o de pontos de recarga para\u00a0carros el\u00e9tricos e h\u00edbridos\u00a0nos postos de combust\u00edveis. A declara\u00e7\u00e3o foi feita na\u00a0R\u00e1dio Metropole, nesta segunda-feira (9), dia em que a empresa chinesa Build Your Dreams (BYD)\u00a0oficializa\u00a0a implementa\u00e7\u00e3o de unidades fabris no polo industrial de Cama\u00e7ari, na Regi\u00e3o Metropolitana de Salvador.\u00a0 O [&hellip;]<\/p>\n","protected":false},"author":2,"featured_media":4874,"comment_status":"open","ping_status":"open","sticky":false,"template":"","format":"standard","meta":{"footnotes":""},"categories":[91],"tags":[],"class_list":["post-4873","post","type-post","status-publish","format-standard","has-post-thumbnail","hentry","category-politica"],"_links":{"self":[{"href":"https:\/\/suburbionoar.com.br\/index.php\/wp-json\/wp\/v2\/posts\/4873","targetHints":{"allow":["GET"]}}],"collection":[{"href":"https:\/\/suburbionoar.com.br\/index.php\/wp-json\/wp\/v2\/posts"}],"about":[{"href":"https:\/\/suburbionoar.com.br\/index.php\/wp-json\/wp\/v2\/types\/post"}],"author":[{"embeddable":true,"href":"https:\/\/suburbionoar.com.br\/index.php\/wp-json\/wp\/v2\/users\/2"}],"replies":[{"embeddable":true,"href":"https:\/\/suburbionoar.com.br\/index.php\/wp-json\/wp\/v2\/comments?post=4873"}],"version-history":[{"count":1,"href":"https:\/\/suburbionoar.com.br\/index.php\/wp-json\/wp\/v2\/posts\/4873\/revisions"}],"predecessor-version":[{"id":4875,"href":"https:\/\/suburbionoar.com.br\/index.php\/wp-json\/wp\/v2\/posts\/4873\/revisions\/4875"}],"wp:featuredmedia":[{"embeddable":true,"href":"https:\/\/suburbionoar.com.br\/index.php\/wp-json\/wp\/v2\/media\/4874"}],"wp:attachment":[{"href":"https:\/\/suburbionoar.com.br\/index.php\/wp-json\/wp\/v2\/media?parent=4873"}],"wp:term":[{"taxonomy":"category","embeddable":true,"href":"https:\/\/suburbionoar.com.br\/index.php\/wp-json\/wp\/v2\/categories?post=4873"},{"taxonomy":"post_tag","embeddable":true,"href":"https:\/\/suburbionoar.com.br\/index.php\/wp-json\/wp\/v2\/tags?post=4873"}],"curies":[{"name":"wp","href":"https:\/\/api.w.org\/{rel}","templated":true}]}}