{"id":4860,"date":"2023-10-09T10:57:43","date_gmt":"2023-10-09T13:57:43","guid":{"rendered":"https:\/\/suburbionoar.com.br\/?p=4860"},"modified":"2023-10-09T10:57:45","modified_gmt":"2023-10-09T13:57:45","slug":"torcedor-do-vitoria-cai-no-fosso-do-estadio-do-criciuma-para-pegar-jaqueta","status":"publish","type":"post","link":"https:\/\/suburbionoar.com.br\/index.php\/2023\/10\/09\/torcedor-do-vitoria-cai-no-fosso-do-estadio-do-criciuma-para-pegar-jaqueta\/","title":{"rendered":"Torcedor do Vit\u00f3ria &#8220;cai&#8221; no fosso do est\u00e1dio do Crici\u00fama para pegar jaqueta"},"content":{"rendered":"\n<p>Nem mesmo a\u00a0derrota para o Crici\u00fama neste domingo (8)\u00a0impediu o torcedor do Vit\u00f3ria de comemorar. Ap\u00f3s a partida, segundo o portal GE, um rubro-negro presente no Heriberto Hulse &#8220;caiu&#8221; no fosso do est\u00e1dio com um objetivo muito claro: pegar uma jaqueta lan\u00e7ada por um integrante da comiss\u00e3o t\u00e9cnica.\u00a0<\/p>\n\n\n\n<p>Em v\u00eddeo que viralizou nas redes sociais, \u00e9 poss\u00edvel ver o homem sendo resgatado pelos outros torcedores do Vit\u00f3ria que estavam em Crici\u00fama. Quando ele conseguiu retornar \u00e0s arquibancadas, a vibra\u00e7\u00e3o da galera foi instant\u00e2nea.\u00a0<\/p>\n\n\n\n<figure class=\"wp-block-embed is-type-rich is-provider-twitter wp-block-embed-twitter\"><div class=\"wp-block-embed__wrapper\">\n<blockquote class=\"twitter-tweet\" data-width=\"500\" data-dnt=\"true\"><p lang=\"pt\" dir=\"ltr\">Torcedor do Vit\u00f3ria &quot;cai&quot; no fosso do est\u00e1dio do Crici\u00fama para pegar jaqueta<br><br>Veja \u25b6\ufe0f <a href=\"https:\/\/t.co\/3gbC2NWPbl\">pic.twitter.com\/3gbC2NWPbl<\/a><\/p>&mdash; BN Esportes (@bnesportes) <a href=\"https:\/\/twitter.com\/bnesportes\/status\/1711356376377606289?ref_src=twsrc%5Etfw\">October 9, 2023<\/a><\/blockquote><script async src=\"https:\/\/platform.twitter.com\/widgets.js\" charset=\"utf-8\"><\/script>\n<\/div><\/figure>\n\n\n\n<p>Fonte: Bahia Not\u00edcias <\/p>\n","protected":false},"excerpt":{"rendered":"<p>Nem mesmo a\u00a0derrota para o Crici\u00fama neste domingo (8)\u00a0impediu o torcedor do Vit\u00f3ria de comemorar. Ap\u00f3s a partida, segundo o portal GE, um rubro-negro presente no Heriberto Hulse &#8220;caiu&#8221; no fosso do est\u00e1dio com um objetivo muito claro: pegar uma jaqueta lan\u00e7ada por um integrante da comiss\u00e3o t\u00e9cnica.\u00a0 Em v\u00eddeo que viralizou nas redes sociais, [&hellip;]<\/p>\n","protected":false},"author":2,"featured_media":4861,"comment_status":"open","ping_status":"open","sticky":false,"template":"","format":"standard","meta":{"footnotes":""},"categories":[89],"tags":[],"class_list":["post-4860","post","type-post","status-publish","format-standard","has-post-thumbnail","hentry","category-esportes"],"_links":{"self":[{"href":"https:\/\/suburbionoar.com.br\/index.php\/wp-json\/wp\/v2\/posts\/4860","targetHints":{"allow":["GET"]}}],"collection":[{"href":"https:\/\/suburbionoar.com.br\/index.php\/wp-json\/wp\/v2\/posts"}],"about":[{"href":"https:\/\/suburbionoar.com.br\/index.php\/wp-json\/wp\/v2\/types\/post"}],"author":[{"embeddable":true,"href":"https:\/\/suburbionoar.com.br\/index.php\/wp-json\/wp\/v2\/users\/2"}],"replies":[{"embeddable":true,"href":"https:\/\/suburbionoar.com.br\/index.php\/wp-json\/wp\/v2\/comments?post=4860"}],"version-history":[{"count":1,"href":"https:\/\/suburbionoar.com.br\/index.php\/wp-json\/wp\/v2\/posts\/4860\/revisions"}],"predecessor-version":[{"id":4862,"href":"https:\/\/suburbionoar.com.br\/index.php\/wp-json\/wp\/v2\/posts\/4860\/revisions\/4862"}],"wp:featuredmedia":[{"embeddable":true,"href":"https:\/\/suburbionoar.com.br\/index.php\/wp-json\/wp\/v2\/media\/4861"}],"wp:attachment":[{"href":"https:\/\/suburbionoar.com.br\/index.php\/wp-json\/wp\/v2\/media?parent=4860"}],"wp:term":[{"taxonomy":"category","embeddable":true,"href":"https:\/\/suburbionoar.com.br\/index.php\/wp-json\/wp\/v2\/categories?post=4860"},{"taxonomy":"post_tag","embeddable":true,"href":"https:\/\/suburbionoar.com.br\/index.php\/wp-json\/wp\/v2\/tags?post=4860"}],"curies":[{"name":"wp","href":"https:\/\/api.w.org\/{rel}","templated":true}]}}