{"id":4854,"date":"2023-10-09T10:30:25","date_gmt":"2023-10-09T13:30:25","guid":{"rendered":"https:\/\/suburbionoar.com.br\/?p=4854"},"modified":"2023-10-09T10:30:27","modified_gmt":"2023-10-09T13:30:27","slug":"senado-aprova-projeto-de-pensao-para-filhos-de-mulheres-vitimas-de-feminicidio","status":"publish","type":"post","link":"https:\/\/suburbionoar.com.br\/index.php\/2023\/10\/09\/senado-aprova-projeto-de-pensao-para-filhos-de-mulheres-vitimas-de-feminicidio\/","title":{"rendered":"Senado aprova projeto de pens\u00e3o para filhos de mulheres v\u00edtimas de feminic\u00eddio"},"content":{"rendered":"\n<p>O projeto que estabelece pens\u00e3o para os filhos de mulheres v\u00edtimas de feminic\u00eddio foi aprovado pelo Senado Federal, ap\u00f3s a aprova\u00e7\u00e3o o texto aguarda pela san\u00e7\u00e3o do presidente Luiz In\u00e1cio Lula da Silva (PT).<\/p>\n\n\n\n<p>Confira os t\u00f3picos estabelecidos pelo termo:<\/p>\n\n\n\n<p>Um sal\u00e1rio-m\u00ednimo ao grupo de irm\u00e3os, biol\u00f3gicos ou adotivos, menores de 18 anos;<\/p>\n\n\n\n<p>A pens\u00e3o ser\u00e1 concedida quando houver ind\u00edcios fundados de feminic\u00eddio, e mesmo antes do julgamento do r\u00e9u;<\/p>\n\n\n\n<p>T\u00eam direito ao benef\u00edcio as fam\u00edlias em situa\u00e7\u00e3o de vulnerabilidade, com renda mensal por pessoa de at\u00e9 R$ 330;<\/p>\n\n\n\n<p>A pens\u00e3o n\u00e3o \u00e9 acumul\u00e1vel com outros benef\u00edcios previdenci\u00e1rios<\/p>\n\n\n\n<p>De acordo com a autora do projeto, a deputado Maria do Ros\u00e1rio, a pens\u00e3o servir\u00e1 como um amparo \u00e0s crian\u00e7as.<\/p>\n\n\n\n<p><em>\u201cS\u00e3o fam\u00edlias muito plurais, s\u00e3o fam\u00edlias que precisam. \u00c9 para fam\u00edlias em extrema situa\u00e7\u00e3o de pobreza. O mesmo crit\u00e9rio do benef\u00edcio de presta\u00e7\u00e3o continuada. Ent\u00e3o, os crit\u00e9rios foram feitos. N\u00f3s n\u00e3o vamos conseguir atender todas as crian\u00e7as que s\u00e3o v\u00edtimas tamb\u00e9m desse feminic\u00eddio. Mas, aliar aqui a situa\u00e7\u00e3o da renda \u00e9 uma forma de que elas n\u00e3o sejam institucionalizadas, que elas fiquem com sua fam\u00edlia ampliada\u201d<\/em>, pontuou a deputada.<\/p>\n\n\n\n<p><em>\u201c\u00c9 um apoio para a v\u00f3, para a tia, para o irm\u00e3o mais velho. Mas \u00e9, sobretudo, para essa crian\u00e7a e para essa m\u00e3e que t\u00e3o cedo e partiu, deixou filhos pequenos e queria, talvez, seguir na vida para v\u00ea-los adultos e felizes\u201d<\/em>, completou a parlamentar.<\/p>\n\n\n\n<p><strong>Feminic\u00eddio no Brasil&nbsp;<\/strong><\/p>\n\n\n\n<p>De acordo com o F\u00f3rum Brasileiro de Seguran\u00e7a P\u00fablica em&nbsp;2022, cerca de 1.437 mulheres morreram v\u00edtimas de feminic\u00eddio no Brasil. Em 73% dos casos, companheiros ou ex-companheiros foram os autores dos crimes. Crian\u00e7as e adolescentes acabam ficando orf\u00e3os por conta dessa viol\u00eancia.<\/p>\n\n\n\n<p>Ainda segundo o estudo, 2.482 crian\u00e7as e adolescentes ficaram \u00f3rf\u00e3os em 2022 em decorr\u00eancia do feminic\u00eddio e agora est\u00e3o sob cuidados de parentes ou foram para abrigos.<\/p>\n\n\n\n<p>Fonte: Varela Net <\/p>\n","protected":false},"excerpt":{"rendered":"<p>O projeto que estabelece pens\u00e3o para os filhos de mulheres v\u00edtimas de feminic\u00eddio foi aprovado pelo Senado Federal, ap\u00f3s a aprova\u00e7\u00e3o o texto aguarda pela san\u00e7\u00e3o do presidente Luiz In\u00e1cio Lula da Silva (PT). Confira os t\u00f3picos estabelecidos pelo termo: Um sal\u00e1rio-m\u00ednimo ao grupo de irm\u00e3os, biol\u00f3gicos ou adotivos, menores de 18 anos; A pens\u00e3o [&hellip;]<\/p>\n","protected":false},"author":2,"featured_media":4855,"comment_status":"open","ping_status":"open","sticky":false,"template":"","format":"standard","meta":{"footnotes":""},"categories":[85],"tags":[],"class_list":["post-4854","post","type-post","status-publish","format-standard","has-post-thumbnail","hentry","category-noticias"],"_links":{"self":[{"href":"https:\/\/suburbionoar.com.br\/index.php\/wp-json\/wp\/v2\/posts\/4854","targetHints":{"allow":["GET"]}}],"collection":[{"href":"https:\/\/suburbionoar.com.br\/index.php\/wp-json\/wp\/v2\/posts"}],"about":[{"href":"https:\/\/suburbionoar.com.br\/index.php\/wp-json\/wp\/v2\/types\/post"}],"author":[{"embeddable":true,"href":"https:\/\/suburbionoar.com.br\/index.php\/wp-json\/wp\/v2\/users\/2"}],"replies":[{"embeddable":true,"href":"https:\/\/suburbionoar.com.br\/index.php\/wp-json\/wp\/v2\/comments?post=4854"}],"version-history":[{"count":1,"href":"https:\/\/suburbionoar.com.br\/index.php\/wp-json\/wp\/v2\/posts\/4854\/revisions"}],"predecessor-version":[{"id":4856,"href":"https:\/\/suburbionoar.com.br\/index.php\/wp-json\/wp\/v2\/posts\/4854\/revisions\/4856"}],"wp:featuredmedia":[{"embeddable":true,"href":"https:\/\/suburbionoar.com.br\/index.php\/wp-json\/wp\/v2\/media\/4855"}],"wp:attachment":[{"href":"https:\/\/suburbionoar.com.br\/index.php\/wp-json\/wp\/v2\/media?parent=4854"}],"wp:term":[{"taxonomy":"category","embeddable":true,"href":"https:\/\/suburbionoar.com.br\/index.php\/wp-json\/wp\/v2\/categories?post=4854"},{"taxonomy":"post_tag","embeddable":true,"href":"https:\/\/suburbionoar.com.br\/index.php\/wp-json\/wp\/v2\/tags?post=4854"}],"curies":[{"name":"wp","href":"https:\/\/api.w.org\/{rel}","templated":true}]}}