{"id":4834,"date":"2023-10-06T11:33:50","date_gmt":"2023-10-06T14:33:50","guid":{"rendered":"https:\/\/suburbionoar.com.br\/?p=4834"},"modified":"2023-10-06T11:33:51","modified_gmt":"2023-10-06T14:33:51","slug":"juiz-ordena-prefeitura-baiana-a-liberar-via-para-evento-religioso-disputa-politica-teria-motivado-negativa-de-gestor","status":"publish","type":"post","link":"https:\/\/suburbionoar.com.br\/index.php\/2023\/10\/06\/juiz-ordena-prefeitura-baiana-a-liberar-via-para-evento-religioso-disputa-politica-teria-motivado-negativa-de-gestor\/","title":{"rendered":"Juiz ordena prefeitura baiana a liberar via para evento religioso; disputa pol\u00edtica teria motivado negativa de gestor"},"content":{"rendered":"\n<p>A 1\u00aa Vara da Fazenda P\u00fablica de\u00a0Teixeira de Freitas, no Extremo Sul, ordenou que a prefeitura libere vias do munic\u00edpio para a realiza\u00e7\u00e3o de um evento evang\u00e9lico. A medida foi tomada nesta quinta-feira (5) pelo juiz Roney Jorge Cunha Moreira.<\/p>\n\n\n\n<p>A festa, intitulada \u201c1\u00aa Edi\u00e7\u00e3o do Teixeira em Adora\u00e7\u00e3o&#8221; foi marcada para os dias 14 e 15 de outubro em um trecho da Avenida das Na\u00e7\u00f5es, com acesso liberado ao p\u00fablico. No mandado de seguran\u00e7a, a realizadora do evento [R\u00e1dio Alvorada] se queixou que a prefeitura ignorava o pedido de alvar\u00e1 por quest\u00f5es pol\u00edticas. N\u00e3o dizia sim nem n\u00e3o.<\/p>\n\n\n\n<p>A emissora aponta como um dos motivos da negativa \u00e9 que a festa conta com apoio do governo do estado e do ex-deputado Uldurico Junior (MDB), pr\u00e9-candidato \u00e0 prefeito de Teixeira de Freitas no ano que vem. O atual gestor \u00e9 Marcelo Belitardo (Uni\u00e3o), que integra o grupo de oposi\u00e7\u00e3o na Bahia.<\/p>\n\n\n\n<p>Na senten\u00e7a, o juiz estipulou o prazo de 24 horas para que o alvar\u00e1 seja concedido, autorizando a festa.<\/p>\n\n\n\n<p>Fonte: Bahia Not\u00edcias \u00a0<\/p>\n","protected":false},"excerpt":{"rendered":"<p>A 1\u00aa Vara da Fazenda P\u00fablica de\u00a0Teixeira de Freitas, no Extremo Sul, ordenou que a prefeitura libere vias do munic\u00edpio para a realiza\u00e7\u00e3o de um evento evang\u00e9lico. A medida foi tomada nesta quinta-feira (5) pelo juiz Roney Jorge Cunha Moreira. A festa, intitulada \u201c1\u00aa Edi\u00e7\u00e3o do Teixeira em Adora\u00e7\u00e3o&#8221; foi marcada para os dias 14 [&hellip;]<\/p>\n","protected":false},"author":2,"featured_media":4835,"comment_status":"open","ping_status":"open","sticky":false,"template":"","format":"standard","meta":{"footnotes":""},"categories":[85],"tags":[],"class_list":["post-4834","post","type-post","status-publish","format-standard","has-post-thumbnail","hentry","category-noticias"],"_links":{"self":[{"href":"https:\/\/suburbionoar.com.br\/index.php\/wp-json\/wp\/v2\/posts\/4834","targetHints":{"allow":["GET"]}}],"collection":[{"href":"https:\/\/suburbionoar.com.br\/index.php\/wp-json\/wp\/v2\/posts"}],"about":[{"href":"https:\/\/suburbionoar.com.br\/index.php\/wp-json\/wp\/v2\/types\/post"}],"author":[{"embeddable":true,"href":"https:\/\/suburbionoar.com.br\/index.php\/wp-json\/wp\/v2\/users\/2"}],"replies":[{"embeddable":true,"href":"https:\/\/suburbionoar.com.br\/index.php\/wp-json\/wp\/v2\/comments?post=4834"}],"version-history":[{"count":1,"href":"https:\/\/suburbionoar.com.br\/index.php\/wp-json\/wp\/v2\/posts\/4834\/revisions"}],"predecessor-version":[{"id":4836,"href":"https:\/\/suburbionoar.com.br\/index.php\/wp-json\/wp\/v2\/posts\/4834\/revisions\/4836"}],"wp:featuredmedia":[{"embeddable":true,"href":"https:\/\/suburbionoar.com.br\/index.php\/wp-json\/wp\/v2\/media\/4835"}],"wp:attachment":[{"href":"https:\/\/suburbionoar.com.br\/index.php\/wp-json\/wp\/v2\/media?parent=4834"}],"wp:term":[{"taxonomy":"category","embeddable":true,"href":"https:\/\/suburbionoar.com.br\/index.php\/wp-json\/wp\/v2\/categories?post=4834"},{"taxonomy":"post_tag","embeddable":true,"href":"https:\/\/suburbionoar.com.br\/index.php\/wp-json\/wp\/v2\/tags?post=4834"}],"curies":[{"name":"wp","href":"https:\/\/api.w.org\/{rel}","templated":true}]}}