{"id":4831,"date":"2023-10-06T11:17:08","date_gmt":"2023-10-06T14:17:08","guid":{"rendered":"https:\/\/suburbionoar.com.br\/?p=4831"},"modified":"2023-10-06T11:17:10","modified_gmt":"2023-10-06T14:17:10","slug":"obras-para-requalificacao-de-largo-e-entorno-do-campo-grande-sao-iniciadas","status":"publish","type":"post","link":"https:\/\/suburbionoar.com.br\/index.php\/2023\/10\/06\/obras-para-requalificacao-de-largo-e-entorno-do-campo-grande-sao-iniciadas\/","title":{"rendered":"Obras para requalifica\u00e7\u00e3o de largo e entorno do Campo Grande s\u00e3o iniciadas"},"content":{"rendered":"\n<p>As obras de requalifica\u00e7\u00e3o de todo o entorno da Pra\u00e7a do Campo Grande e do Forte de S\u00e3o Paulo Pedro, no Centro de Salvador, tiveram in\u00edcio nesta quinta-feira (5).&nbsp;<\/p>\n\n\n\n<p>A assinatura da ordem de servi\u00e7o foi feita pelo prefeito Bruno Reis no local e o trabalho deve ter in\u00edcio imediato. De acordo com a prefeitura da capital baiana, a obra deve alterar a configura\u00e7\u00e3o sobretudo ao largo em frente ao Teatro Castro Alves (TCA), dando maior visibilidade ao pr\u00e9dio, al\u00e9m de oferecer mais conforto e seguran\u00e7a ao p\u00fablico em dias de espet\u00e1culos.&nbsp;<\/p>\n\n\n\n<p>As obras t\u00eam um prazo de quatro meses e devem acabar antes do Carnaval de 2024. O projeto, que foi elaborado pela Funda\u00e7\u00e3o M\u00e1rio Leal Ferreira (FMLF), abrange uma \u00e1rea total de 32 mil m\u00b2.<\/p>\n\n\n\n<p>O trabalho deve acontecer por toda a Rua do Forte de S\u00e3o Pedro, em que h\u00e1 um fluxo de pedestres diariamente por conta do com\u00e9rcio local, e pelo trecho da Avenida Sete de Setembro entre a Casa D\u2019Italia e o Corredor da Vit\u00f3ria.<\/p>\n\n\n\n<p>Outro trecho que tamb\u00e9m ser\u00e1 revitalizado \u00e9 a Pra\u00e7a da Aclama\u00e7\u00e3o, em frente ao Passeio P\u00fablico, que tem como objetivo &#8211; segundo a prefeitura &#8211; que o espa\u00e7o seja novamente ocupado pela popula\u00e7\u00e3o.<\/p>\n\n\n\n<p>Fonte: Varela Net <\/p>\n","protected":false},"excerpt":{"rendered":"<p>As obras de requalifica\u00e7\u00e3o de todo o entorno da Pra\u00e7a do Campo Grande e do Forte de S\u00e3o Paulo Pedro, no Centro de Salvador, tiveram in\u00edcio nesta quinta-feira (5).&nbsp; A assinatura da ordem de servi\u00e7o foi feita pelo prefeito Bruno Reis no local e o trabalho deve ter in\u00edcio imediato. De acordo com a prefeitura [&hellip;]<\/p>\n","protected":false},"author":2,"featured_media":4832,"comment_status":"open","ping_status":"open","sticky":false,"template":"","format":"standard","meta":{"footnotes":""},"categories":[85],"tags":[],"class_list":["post-4831","post","type-post","status-publish","format-standard","has-post-thumbnail","hentry","category-noticias"],"_links":{"self":[{"href":"https:\/\/suburbionoar.com.br\/index.php\/wp-json\/wp\/v2\/posts\/4831","targetHints":{"allow":["GET"]}}],"collection":[{"href":"https:\/\/suburbionoar.com.br\/index.php\/wp-json\/wp\/v2\/posts"}],"about":[{"href":"https:\/\/suburbionoar.com.br\/index.php\/wp-json\/wp\/v2\/types\/post"}],"author":[{"embeddable":true,"href":"https:\/\/suburbionoar.com.br\/index.php\/wp-json\/wp\/v2\/users\/2"}],"replies":[{"embeddable":true,"href":"https:\/\/suburbionoar.com.br\/index.php\/wp-json\/wp\/v2\/comments?post=4831"}],"version-history":[{"count":1,"href":"https:\/\/suburbionoar.com.br\/index.php\/wp-json\/wp\/v2\/posts\/4831\/revisions"}],"predecessor-version":[{"id":4833,"href":"https:\/\/suburbionoar.com.br\/index.php\/wp-json\/wp\/v2\/posts\/4831\/revisions\/4833"}],"wp:featuredmedia":[{"embeddable":true,"href":"https:\/\/suburbionoar.com.br\/index.php\/wp-json\/wp\/v2\/media\/4832"}],"wp:attachment":[{"href":"https:\/\/suburbionoar.com.br\/index.php\/wp-json\/wp\/v2\/media?parent=4831"}],"wp:term":[{"taxonomy":"category","embeddable":true,"href":"https:\/\/suburbionoar.com.br\/index.php\/wp-json\/wp\/v2\/categories?post=4831"},{"taxonomy":"post_tag","embeddable":true,"href":"https:\/\/suburbionoar.com.br\/index.php\/wp-json\/wp\/v2\/tags?post=4831"}],"curies":[{"name":"wp","href":"https:\/\/api.w.org\/{rel}","templated":true}]}}