{"id":4815,"date":"2023-10-05T16:30:48","date_gmt":"2023-10-05T19:30:48","guid":{"rendered":"https:\/\/suburbionoar.com.br\/?p=4815"},"modified":"2023-10-05T16:30:50","modified_gmt":"2023-10-05T19:30:50","slug":"tres-pms-suspeitos-por-homicidios-sao-presos-no-interior-da-bahia","status":"publish","type":"post","link":"https:\/\/suburbionoar.com.br\/index.php\/2023\/10\/05\/tres-pms-suspeitos-por-homicidios-sao-presos-no-interior-da-bahia\/","title":{"rendered":"Tr\u00eas PMs suspeitos por homic\u00eddios s\u00e3o presos no interior da Bahia"},"content":{"rendered":"\n<p>Tr\u00eas policiais militares foram presos durante cumprimentos de mandados de pris\u00e3o e busca e apreens\u00e3o pela \u02bbOpera\u00e7\u00e3o Sem Retorno\u02bc, deflagrada nesta sexta-feira (29), nas cidades de Camac\u00e3, Itabuna, S\u00e3o Jos\u00e9 da Vit\u00f3ria e Itaju\u00edpe.&nbsp;<\/p>\n\n\n\n<p>A\u00e7\u00e3o integrada foi realizada pela &nbsp;Secretaria da Seguran\u00e7a P\u00fablica, por meio da For\u00e7a Correcional Especial Integrada (Force) da Corregedoria Geral, pelos Grupos de Atua\u00e7\u00e3o Especial Operacional de Seguran\u00e7a P\u00fablica (Geosp) e de Atua\u00e7\u00e3o Especial de Combate ao Crime Organizado (Gaeco) do Minist\u00e9rio P\u00fablico e pela Corregedoria da Pol\u00edcia Militar.&nbsp;<\/p>\n\n\n\n<p>Os policiais militares, lotados na 62a Companhia Independ\u00eancia da Pol\u00edcia Militar (CIPM), s\u00e3o suspeitos de homic\u00eddios, entre eles o de Carlos Henrique Jos\u00e9 dos Santos, ocorrido em junho deste ano, no munic\u00edpio de Camac\u00e3.<\/p>\n\n\n\n<p>Durante os cumprimentos das ordens judiciais, expedidos pela Vara Criminal da comarca de Camac\u00e3, foram apreendidos duas pistolas calibre 40, um rev\u00f3lver calibre 38, uma espingarda calibre 12, diversas muni\u00e7\u00f5es, carregadores, celulares, algema, balaclava e documentos.&nbsp;<\/p>\n\n\n\n<p>Os suspeitos est\u00e3o em processo de transfer\u00eancia para o Batalh\u00e3o de Pol\u00edcia de Choque e para 12\u00b0 Batalh\u00e3o de Pol\u00edcia Militar (BPM\/Cama\u00e7ari), onde ficar\u00e3o \u00e0 disposi\u00e7\u00e3o da Justi\u00e7a.<\/p>\n\n\n\n<p>Fonte: TRBN<\/p>\n","protected":false},"excerpt":{"rendered":"<p>Tr\u00eas policiais militares foram presos durante cumprimentos de mandados de pris\u00e3o e busca e apreens\u00e3o pela \u02bbOpera\u00e7\u00e3o Sem Retorno\u02bc, deflagrada nesta sexta-feira (29), nas cidades de Camac\u00e3, Itabuna, S\u00e3o Jos\u00e9 da Vit\u00f3ria e Itaju\u00edpe.&nbsp; A\u00e7\u00e3o integrada foi realizada pela &nbsp;Secretaria da Seguran\u00e7a P\u00fablica, por meio da For\u00e7a Correcional Especial Integrada (Force) da Corregedoria Geral, pelos [&hellip;]<\/p>\n","protected":false},"author":2,"featured_media":4816,"comment_status":"open","ping_status":"open","sticky":false,"template":"","format":"standard","meta":{"footnotes":""},"categories":[105],"tags":[],"class_list":["post-4815","post","type-post","status-publish","format-standard","has-post-thumbnail","hentry","category-policia"],"_links":{"self":[{"href":"https:\/\/suburbionoar.com.br\/index.php\/wp-json\/wp\/v2\/posts\/4815","targetHints":{"allow":["GET"]}}],"collection":[{"href":"https:\/\/suburbionoar.com.br\/index.php\/wp-json\/wp\/v2\/posts"}],"about":[{"href":"https:\/\/suburbionoar.com.br\/index.php\/wp-json\/wp\/v2\/types\/post"}],"author":[{"embeddable":true,"href":"https:\/\/suburbionoar.com.br\/index.php\/wp-json\/wp\/v2\/users\/2"}],"replies":[{"embeddable":true,"href":"https:\/\/suburbionoar.com.br\/index.php\/wp-json\/wp\/v2\/comments?post=4815"}],"version-history":[{"count":1,"href":"https:\/\/suburbionoar.com.br\/index.php\/wp-json\/wp\/v2\/posts\/4815\/revisions"}],"predecessor-version":[{"id":4817,"href":"https:\/\/suburbionoar.com.br\/index.php\/wp-json\/wp\/v2\/posts\/4815\/revisions\/4817"}],"wp:featuredmedia":[{"embeddable":true,"href":"https:\/\/suburbionoar.com.br\/index.php\/wp-json\/wp\/v2\/media\/4816"}],"wp:attachment":[{"href":"https:\/\/suburbionoar.com.br\/index.php\/wp-json\/wp\/v2\/media?parent=4815"}],"wp:term":[{"taxonomy":"category","embeddable":true,"href":"https:\/\/suburbionoar.com.br\/index.php\/wp-json\/wp\/v2\/categories?post=4815"},{"taxonomy":"post_tag","embeddable":true,"href":"https:\/\/suburbionoar.com.br\/index.php\/wp-json\/wp\/v2\/tags?post=4815"}],"curies":[{"name":"wp","href":"https:\/\/api.w.org\/{rel}","templated":true}]}}