{"id":4809,"date":"2023-10-05T16:08:48","date_gmt":"2023-10-05T19:08:48","guid":{"rendered":"https:\/\/suburbionoar.com.br\/?p=4809"},"modified":"2023-10-05T16:08:49","modified_gmt":"2023-10-05T19:08:49","slug":"exposicao-em-homenagem-aos-55-anos-da-apae-e-aberta-nesta-sexta-6","status":"publish","type":"post","link":"https:\/\/suburbionoar.com.br\/index.php\/2023\/10\/05\/exposicao-em-homenagem-aos-55-anos-da-apae-e-aberta-nesta-sexta-6\/","title":{"rendered":"Exposi\u00e7\u00e3o em homenagem aos 55 anos da Apae \u00e9 aberta nesta sexta (6)"},"content":{"rendered":"\n<p>A Apae Salvador completou 55 anos esta semana e, para celebrar todas essas primaveras, que fizeram tantas vidas florescerem, a Institui\u00e7\u00e3o lan\u00e7a nesta sexta-feira, 6 de outubro, a exposi\u00e7\u00e3o coletiva P\u00e9talas, promovida em parceria com o Trevo Fotoclube e apoio do Hotel Mercure, onde a mostra est\u00e1 exposta.<\/p>\n\n\n\n<p>No dia do anivers\u00e1rio, 3 de outubro, com o lema \u201cEspalhando esperan\u00e7a e vivendo a inclus\u00e3o\u201d, a Apae tamb\u00e9m realizou uma missa em sua sede para convidados e integrantes da Institui\u00e7\u00e3o. Para a mostra P\u00e9talas, a entrada \u00e9 aberta ao p\u00fablico e gratuita. S\u00e3o 24 telas em vinil produzidas por 24 fot\u00f3grafos amadores, que t\u00eam como hobby o amor pela fotografia e s\u00e3o integrantes do Fotoclub Trevo. Como recorda\u00e7\u00e3o, as crian\u00e7as da Apae receber\u00e3o uma c\u00f3pia das fotos de destaques.<\/p>\n\n\n\n<p>Fonte: TRBN <\/p>\n","protected":false},"excerpt":{"rendered":"<p>A Apae Salvador completou 55 anos esta semana e, para celebrar todas essas primaveras, que fizeram tantas vidas florescerem, a Institui\u00e7\u00e3o lan\u00e7a nesta sexta-feira, 6 de outubro, a exposi\u00e7\u00e3o coletiva P\u00e9talas, promovida em parceria com o Trevo Fotoclube e apoio do Hotel Mercure, onde a mostra est\u00e1 exposta. No dia do anivers\u00e1rio, 3 de outubro, [&hellip;]<\/p>\n","protected":false},"author":2,"featured_media":4810,"comment_status":"open","ping_status":"open","sticky":false,"template":"","format":"standard","meta":{"footnotes":""},"categories":[85],"tags":[],"class_list":["post-4809","post","type-post","status-publish","format-standard","has-post-thumbnail","hentry","category-noticias"],"_links":{"self":[{"href":"https:\/\/suburbionoar.com.br\/index.php\/wp-json\/wp\/v2\/posts\/4809","targetHints":{"allow":["GET"]}}],"collection":[{"href":"https:\/\/suburbionoar.com.br\/index.php\/wp-json\/wp\/v2\/posts"}],"about":[{"href":"https:\/\/suburbionoar.com.br\/index.php\/wp-json\/wp\/v2\/types\/post"}],"author":[{"embeddable":true,"href":"https:\/\/suburbionoar.com.br\/index.php\/wp-json\/wp\/v2\/users\/2"}],"replies":[{"embeddable":true,"href":"https:\/\/suburbionoar.com.br\/index.php\/wp-json\/wp\/v2\/comments?post=4809"}],"version-history":[{"count":1,"href":"https:\/\/suburbionoar.com.br\/index.php\/wp-json\/wp\/v2\/posts\/4809\/revisions"}],"predecessor-version":[{"id":4811,"href":"https:\/\/suburbionoar.com.br\/index.php\/wp-json\/wp\/v2\/posts\/4809\/revisions\/4811"}],"wp:featuredmedia":[{"embeddable":true,"href":"https:\/\/suburbionoar.com.br\/index.php\/wp-json\/wp\/v2\/media\/4810"}],"wp:attachment":[{"href":"https:\/\/suburbionoar.com.br\/index.php\/wp-json\/wp\/v2\/media?parent=4809"}],"wp:term":[{"taxonomy":"category","embeddable":true,"href":"https:\/\/suburbionoar.com.br\/index.php\/wp-json\/wp\/v2\/categories?post=4809"},{"taxonomy":"post_tag","embeddable":true,"href":"https:\/\/suburbionoar.com.br\/index.php\/wp-json\/wp\/v2\/tags?post=4809"}],"curies":[{"name":"wp","href":"https:\/\/api.w.org\/{rel}","templated":true}]}}