{"id":4800,"date":"2023-10-05T14:54:33","date_gmt":"2023-10-05T17:54:33","guid":{"rendered":"https:\/\/suburbionoar.com.br\/?p=4800"},"modified":"2023-10-05T14:54:34","modified_gmt":"2023-10-05T17:54:34","slug":"pf-adota-cautela-em-tese-de-crime-politico-na-execucao-dos-medicos","status":"publish","type":"post","link":"https:\/\/suburbionoar.com.br\/index.php\/2023\/10\/05\/pf-adota-cautela-em-tese-de-crime-politico-na-execucao-dos-medicos\/","title":{"rendered":"PF adota cautela em tese de crime pol\u00edtico na execu\u00e7\u00e3o dos m\u00e9dicos"},"content":{"rendered":"\n<p>A Pol\u00edcia Federal prefere adotar cautela sobre a poss\u00edvel motiva\u00e7\u00e3o pol\u00edtica no assassinato de tr\u00eas ortopedistas na Barra da Tijuca, zona oeste do Rio de Janeiro. Entre as v\u00edtimas est\u00e1 o irm\u00e3o da deputada federal S\u00e2mia Bomfim (Psol-SP), Diego Ralf Bomfim.<\/p>\n\n\n\n<p>Por ordem do ministro da Justi\u00e7a Fl\u00e1vio Dino, a PF vai acompanhar as investiga\u00e7\u00f5es que ser\u00e3o conduzidas pela Pol\u00edcia Civil. Caso seja identificada a motiva\u00e7\u00e3o pol\u00edtica e rela\u00e7\u00e3o com a deputada federal ou de seu marido, o deputado federal Glauber Braga (Psol-RJ), a entrada da PF no caso ser\u00e1 analisada.<\/p>\n\n\n\n<p>Al\u00e9m de Diego, que tinha 35 anos, Marcos Andrade Corsato, de 62 anos e o baiano Perseu Ribeiro de Almeida, de 33, morreram ap\u00f3s o ataque dos criminosos. Um outro m\u00e9dico, identificado como Daniel Sonnewend Proen\u00e7a foi ferido e levado ao Hospital Louren\u00e7o Jorge, na Barra da Tijuca.\u00a0O quadro cl\u00ednico dele \u00e9 est\u00e1vel.<\/p>\n\n\n\n<p><strong>O assassinato<\/strong><\/p>\n\n\n\n<p>Tr\u00eas m\u00e9dicos ortopedistas, entre eles um baiano, foram executados a tiros, na madrugada desta quinta-feira, 5, em um quiosque na Praia da Barra da Tijuca, na Zona Oeste do Rio de Janeiro. As v\u00edtimas estavam na capital carioca participando de um congresso internacional de ortopedia.<\/p>\n\n\n\n<p>Perseu Ribeiro Almeida, de 33 anos, estava sentado em um dos quiosques na frente do hotel onde estava hospedado, quando um carro branco parou, e tr\u00eas homens de preto e armados de pistolas desembarcaram e abriram fogo \u00e0 queima-roupa.<\/p>\n\n\n\n<p>Al\u00e9m do m\u00e9dico baiano, outros tr\u00eas ortopedistas foram baleados. Diego Ralf Bomfim, de 35 anos, morreu no hospital. Marcos de Andrade Corsato, 62 anos, morreu no local do crime. O quarto m\u00e9dico foi socorrido para uma unidade de sa\u00fade onde permanece internado.<\/p>\n\n\n\n<p>Fonte: ATarde <\/p>\n","protected":false},"excerpt":{"rendered":"<p>A Pol\u00edcia Federal prefere adotar cautela sobre a poss\u00edvel motiva\u00e7\u00e3o pol\u00edtica no assassinato de tr\u00eas ortopedistas na Barra da Tijuca, zona oeste do Rio de Janeiro. Entre as v\u00edtimas est\u00e1 o irm\u00e3o da deputada federal S\u00e2mia Bomfim (Psol-SP), Diego Ralf Bomfim. Por ordem do ministro da Justi\u00e7a Fl\u00e1vio Dino, a PF vai acompanhar as investiga\u00e7\u00f5es [&hellip;]<\/p>\n","protected":false},"author":2,"featured_media":4801,"comment_status":"open","ping_status":"open","sticky":false,"template":"","format":"standard","meta":{"footnotes":""},"categories":[105],"tags":[],"class_list":["post-4800","post","type-post","status-publish","format-standard","has-post-thumbnail","hentry","category-policia"],"_links":{"self":[{"href":"https:\/\/suburbionoar.com.br\/index.php\/wp-json\/wp\/v2\/posts\/4800","targetHints":{"allow":["GET"]}}],"collection":[{"href":"https:\/\/suburbionoar.com.br\/index.php\/wp-json\/wp\/v2\/posts"}],"about":[{"href":"https:\/\/suburbionoar.com.br\/index.php\/wp-json\/wp\/v2\/types\/post"}],"author":[{"embeddable":true,"href":"https:\/\/suburbionoar.com.br\/index.php\/wp-json\/wp\/v2\/users\/2"}],"replies":[{"embeddable":true,"href":"https:\/\/suburbionoar.com.br\/index.php\/wp-json\/wp\/v2\/comments?post=4800"}],"version-history":[{"count":1,"href":"https:\/\/suburbionoar.com.br\/index.php\/wp-json\/wp\/v2\/posts\/4800\/revisions"}],"predecessor-version":[{"id":4802,"href":"https:\/\/suburbionoar.com.br\/index.php\/wp-json\/wp\/v2\/posts\/4800\/revisions\/4802"}],"wp:featuredmedia":[{"embeddable":true,"href":"https:\/\/suburbionoar.com.br\/index.php\/wp-json\/wp\/v2\/media\/4801"}],"wp:attachment":[{"href":"https:\/\/suburbionoar.com.br\/index.php\/wp-json\/wp\/v2\/media?parent=4800"}],"wp:term":[{"taxonomy":"category","embeddable":true,"href":"https:\/\/suburbionoar.com.br\/index.php\/wp-json\/wp\/v2\/categories?post=4800"},{"taxonomy":"post_tag","embeddable":true,"href":"https:\/\/suburbionoar.com.br\/index.php\/wp-json\/wp\/v2\/tags?post=4800"}],"curies":[{"name":"wp","href":"https:\/\/api.w.org\/{rel}","templated":true}]}}