{"id":4797,"date":"2023-10-05T14:46:18","date_gmt":"2023-10-05T17:46:18","guid":{"rendered":"https:\/\/suburbionoar.com.br\/?p=4797"},"modified":"2023-10-05T14:46:20","modified_gmt":"2023-10-05T17:46:20","slug":"prefeito-de-feira-diz-que-nao-admitira-pre-candidatos-em-uso-de-cargos-na-gestao","status":"publish","type":"post","link":"https:\/\/suburbionoar.com.br\/index.php\/2023\/10\/05\/prefeito-de-feira-diz-que-nao-admitira-pre-candidatos-em-uso-de-cargos-na-gestao\/","title":{"rendered":"Prefeito de Feira diz que n\u00e3o admitir\u00e1 pr\u00e9-candidatos em uso de cargos na gest\u00e3o"},"content":{"rendered":"\n<p>O prefeito de\u00a0Feira de Santana, Colbert Martins Filho (MDB), disse que n\u00e3o admitir\u00e1 que algu\u00e9m da gest\u00e3o se declare j\u00e1 pr\u00e9-candidato e continue no cargo. A afirma\u00e7\u00e3o foi feita em entrevista ao\u00a0Acorda Cidade, nesta quinta-feira (5).<\/p>\n\n\n\n<p>Nesta quarta-feira (4), o deputado estadual Pablo Roberto (PSDB), que tem base em Feira de Santana, declarou que pretende disputar as elei\u00e7\u00f5es em 2024. O recado de Colbert Filho pode ter como endere\u00e7o o atual secret\u00e1rio extraordin\u00e1rio de Rela\u00e7\u00f5es Interinstitucionais, Pastor Tom. No dia 22 de setembro, o religioso postou nas redes sociais a inten\u00e7\u00e3o de tamb\u00e9m se candidatar a prefeito.<\/p>\n\n\n\n<p>\u201cTom n\u00e3o se lan\u00e7ou, ele est\u00e1 no meu governo. Se ele se lan\u00e7ar, ele sai pela porta que entrou, ent\u00e3o ningu\u00e9m se lan\u00e7ou. Pablo \u00e9 deputado, ele se lan\u00e7a na hora que ele quiser, mas dentro do meu governo, ningu\u00e9m tem esta autoridade. Quem quiser ter, sai\u201d, afirmou. Colbert Filho deve se afastar nos pr\u00f3ximos dias para realizar uma cirurgia no joelho.<\/p>\n\n\n\n<p>Fonte: Bahia Not\u00edcias <\/p>\n","protected":false},"excerpt":{"rendered":"<p>O prefeito de\u00a0Feira de Santana, Colbert Martins Filho (MDB), disse que n\u00e3o admitir\u00e1 que algu\u00e9m da gest\u00e3o se declare j\u00e1 pr\u00e9-candidato e continue no cargo. A afirma\u00e7\u00e3o foi feita em entrevista ao\u00a0Acorda Cidade, nesta quinta-feira (5). Nesta quarta-feira (4), o deputado estadual Pablo Roberto (PSDB), que tem base em Feira de Santana, declarou que pretende [&hellip;]<\/p>\n","protected":false},"author":2,"featured_media":4798,"comment_status":"open","ping_status":"open","sticky":false,"template":"","format":"standard","meta":{"footnotes":""},"categories":[91],"tags":[],"class_list":["post-4797","post","type-post","status-publish","format-standard","has-post-thumbnail","hentry","category-politica"],"_links":{"self":[{"href":"https:\/\/suburbionoar.com.br\/index.php\/wp-json\/wp\/v2\/posts\/4797","targetHints":{"allow":["GET"]}}],"collection":[{"href":"https:\/\/suburbionoar.com.br\/index.php\/wp-json\/wp\/v2\/posts"}],"about":[{"href":"https:\/\/suburbionoar.com.br\/index.php\/wp-json\/wp\/v2\/types\/post"}],"author":[{"embeddable":true,"href":"https:\/\/suburbionoar.com.br\/index.php\/wp-json\/wp\/v2\/users\/2"}],"replies":[{"embeddable":true,"href":"https:\/\/suburbionoar.com.br\/index.php\/wp-json\/wp\/v2\/comments?post=4797"}],"version-history":[{"count":1,"href":"https:\/\/suburbionoar.com.br\/index.php\/wp-json\/wp\/v2\/posts\/4797\/revisions"}],"predecessor-version":[{"id":4799,"href":"https:\/\/suburbionoar.com.br\/index.php\/wp-json\/wp\/v2\/posts\/4797\/revisions\/4799"}],"wp:featuredmedia":[{"embeddable":true,"href":"https:\/\/suburbionoar.com.br\/index.php\/wp-json\/wp\/v2\/media\/4798"}],"wp:attachment":[{"href":"https:\/\/suburbionoar.com.br\/index.php\/wp-json\/wp\/v2\/media?parent=4797"}],"wp:term":[{"taxonomy":"category","embeddable":true,"href":"https:\/\/suburbionoar.com.br\/index.php\/wp-json\/wp\/v2\/categories?post=4797"},{"taxonomy":"post_tag","embeddable":true,"href":"https:\/\/suburbionoar.com.br\/index.php\/wp-json\/wp\/v2\/tags?post=4797"}],"curies":[{"name":"wp","href":"https:\/\/api.w.org\/{rel}","templated":true}]}}