{"id":4794,"date":"2023-10-05T14:17:13","date_gmt":"2023-10-05T17:17:13","guid":{"rendered":"https:\/\/suburbionoar.com.br\/?p=4794"},"modified":"2023-10-05T14:17:15","modified_gmt":"2023-10-05T17:17:15","slug":"moradores-criticam-prefeitura-por-falta-de-manutecao-e-podagem-incorreta-de-arvores","status":"publish","type":"post","link":"https:\/\/suburbionoar.com.br\/index.php\/2023\/10\/05\/moradores-criticam-prefeitura-por-falta-de-manutecao-e-podagem-incorreta-de-arvores\/","title":{"rendered":"Moradores criticam prefeitura por falta de manute\u00e7\u00e3o e podagem incorreta de \u00e1rvores"},"content":{"rendered":"\n<p>Moradores da Rua Jo\u00e3o das Botas, no Canela, amanheceram assustados no \u00faltimo domingo (1\u00ba) ap\u00f3s uma \u00e1rvore de grande porte cair. Com a queda, um pr\u00e9dio foi atingido e a rua interditada.&nbsp;<\/p>\n\n\n\n<p>A Seman, Secretaria de Manuten\u00e7\u00e3o da cidade, afirmou que o laudo apontando a causa da queda ser\u00e1 divulgado ainda nesta semana. A suspeita, de acordo com a pasta, \u00e9 de que ventos fortes foram a raz\u00e3o da derrubada da \u00e1rvore.<\/p>\n\n\n\n<p>Esse n\u00e3o \u00e9 o primeiro acidente envolvendo queda de \u00e1rvores na capital baiana. A aten\u00e7\u00e3o dos \u00f3rg\u00e3os competentes \u00e9 vista com desaprova\u00e7\u00e3o pelos moradores, que apontam podas incorretas, falta de manuten\u00e7\u00e3o e servi\u00e7o inacabado.<\/p>\n\n\n\n<p>A Seman, por sua vez, informou que a equipe realiza podas di\u00e1rias e atende a todos os bairros da capital. A pasta garante que a poda n\u00e3o mata \u00e1rvores sadias. O \u00f3rg\u00e3o informou ainda que possui canais de comunica\u00e7\u00e3o para receber as den\u00fancias dos soteropolitanos.\u00a0<\/p>\n\n\n\n<p>Fonte: Metro1 <\/p>\n","protected":false},"excerpt":{"rendered":"<p>Moradores da Rua Jo\u00e3o das Botas, no Canela, amanheceram assustados no \u00faltimo domingo (1\u00ba) ap\u00f3s uma \u00e1rvore de grande porte cair. Com a queda, um pr\u00e9dio foi atingido e a rua interditada.&nbsp; A Seman, Secretaria de Manuten\u00e7\u00e3o da cidade, afirmou que o laudo apontando a causa da queda ser\u00e1 divulgado ainda nesta semana. A suspeita, [&hellip;]<\/p>\n","protected":false},"author":2,"featured_media":4795,"comment_status":"open","ping_status":"open","sticky":false,"template":"","format":"standard","meta":{"footnotes":""},"categories":[91],"tags":[],"class_list":["post-4794","post","type-post","status-publish","format-standard","has-post-thumbnail","hentry","category-politica"],"_links":{"self":[{"href":"https:\/\/suburbionoar.com.br\/index.php\/wp-json\/wp\/v2\/posts\/4794","targetHints":{"allow":["GET"]}}],"collection":[{"href":"https:\/\/suburbionoar.com.br\/index.php\/wp-json\/wp\/v2\/posts"}],"about":[{"href":"https:\/\/suburbionoar.com.br\/index.php\/wp-json\/wp\/v2\/types\/post"}],"author":[{"embeddable":true,"href":"https:\/\/suburbionoar.com.br\/index.php\/wp-json\/wp\/v2\/users\/2"}],"replies":[{"embeddable":true,"href":"https:\/\/suburbionoar.com.br\/index.php\/wp-json\/wp\/v2\/comments?post=4794"}],"version-history":[{"count":1,"href":"https:\/\/suburbionoar.com.br\/index.php\/wp-json\/wp\/v2\/posts\/4794\/revisions"}],"predecessor-version":[{"id":4796,"href":"https:\/\/suburbionoar.com.br\/index.php\/wp-json\/wp\/v2\/posts\/4794\/revisions\/4796"}],"wp:featuredmedia":[{"embeddable":true,"href":"https:\/\/suburbionoar.com.br\/index.php\/wp-json\/wp\/v2\/media\/4795"}],"wp:attachment":[{"href":"https:\/\/suburbionoar.com.br\/index.php\/wp-json\/wp\/v2\/media?parent=4794"}],"wp:term":[{"taxonomy":"category","embeddable":true,"href":"https:\/\/suburbionoar.com.br\/index.php\/wp-json\/wp\/v2\/categories?post=4794"},{"taxonomy":"post_tag","embeddable":true,"href":"https:\/\/suburbionoar.com.br\/index.php\/wp-json\/wp\/v2\/tags?post=4794"}],"curies":[{"name":"wp","href":"https:\/\/api.w.org\/{rel}","templated":true}]}}