{"id":4782,"date":"2023-10-05T11:34:23","date_gmt":"2023-10-05T14:34:23","guid":{"rendered":"https:\/\/suburbionoar.com.br\/?p=4782"},"modified":"2023-10-05T11:34:25","modified_gmt":"2023-10-05T14:34:25","slug":"adolescente-desaparecido-em-dias-davila-e-procurado-pela-familia","status":"publish","type":"post","link":"https:\/\/suburbionoar.com.br\/index.php\/2023\/10\/05\/adolescente-desaparecido-em-dias-davila-e-procurado-pela-familia\/","title":{"rendered":"Adolescente desaparecido em Dias D&#8217;\u00e1vila \u00e9 procurado pela familia"},"content":{"rendered":"\n<p>Um adolescente de 17 anos desapareceu, ap\u00f3s sair de casa no &nbsp;bairro Genaro, na cidade de Dias D&#8217;\u00e1vila, Regi\u00e3o Metropolitana de Salvador, na \u00faltima segunda-feira (2).<\/p>\n\n\n\n<p>Em entrevista ao iBahia, a m\u00e3e de Rodrigo da Silva, chamada Ana Rita, contou que o jovem sofreu um surto psicotico e foi visto no mesmo dia do desaparecimento, em um bairro vizinho.<\/p>\n\n\n\n<p>&#8220;Ele saiu de casa por volta das 5 da manh\u00e3 de segunda-feira, depois de um surto psic\u00f3tico, e tivemos uma informa\u00e7\u00e3o, que ele foi visto por volta das 10 da manh\u00e3 num bairro vizinho, desorientado&#8221;, contou.<\/p>\n\n\n\n<p>Ela informa que desde o dia do ocorrido n\u00e3o tem noticias do filho e est\u00e1 recebendo diversas informa\u00e7\u00f5es que podem ser boatos sobre o caso.<\/p>\n\n\n\n<p>Familiares e amigos de Rodrigo &nbsp;realizaram uma amnifesta\u00e7\u00e3o na cidade na \u00faltima quarta-feira(4), cobrando respostas sobre o desaparecimento.<\/p>\n\n\n\n<p>Em nota, a Pol\u00edcia Civil informou que procura por Rodrigo da Silva Pinheiro, que est\u00e1 desaparecido desde a segunda e ainda n\u00e3o retornou. Ainda de acordo com a pol\u00edcia, quem souber informa\u00e7\u00f5es sobre o jovem, pode entrar em contato com o Disque Den\u00fancia da Secretaria de Seguran\u00e7a P\u00fablica (SSP), por meio do n\u00famero 181.<\/p>\n\n\n\n<p>Fonte: Varela Net <\/p>\n","protected":false},"excerpt":{"rendered":"<p>Um adolescente de 17 anos desapareceu, ap\u00f3s sair de casa no &nbsp;bairro Genaro, na cidade de Dias D&#8217;\u00e1vila, Regi\u00e3o Metropolitana de Salvador, na \u00faltima segunda-feira (2). Em entrevista ao iBahia, a m\u00e3e de Rodrigo da Silva, chamada Ana Rita, contou que o jovem sofreu um surto psicotico e foi visto no mesmo dia do desaparecimento, [&hellip;]<\/p>\n","protected":false},"author":2,"featured_media":4783,"comment_status":"open","ping_status":"open","sticky":false,"template":"","format":"standard","meta":{"footnotes":""},"categories":[105],"tags":[],"class_list":["post-4782","post","type-post","status-publish","format-standard","has-post-thumbnail","hentry","category-policia"],"_links":{"self":[{"href":"https:\/\/suburbionoar.com.br\/index.php\/wp-json\/wp\/v2\/posts\/4782","targetHints":{"allow":["GET"]}}],"collection":[{"href":"https:\/\/suburbionoar.com.br\/index.php\/wp-json\/wp\/v2\/posts"}],"about":[{"href":"https:\/\/suburbionoar.com.br\/index.php\/wp-json\/wp\/v2\/types\/post"}],"author":[{"embeddable":true,"href":"https:\/\/suburbionoar.com.br\/index.php\/wp-json\/wp\/v2\/users\/2"}],"replies":[{"embeddable":true,"href":"https:\/\/suburbionoar.com.br\/index.php\/wp-json\/wp\/v2\/comments?post=4782"}],"version-history":[{"count":1,"href":"https:\/\/suburbionoar.com.br\/index.php\/wp-json\/wp\/v2\/posts\/4782\/revisions"}],"predecessor-version":[{"id":4784,"href":"https:\/\/suburbionoar.com.br\/index.php\/wp-json\/wp\/v2\/posts\/4782\/revisions\/4784"}],"wp:featuredmedia":[{"embeddable":true,"href":"https:\/\/suburbionoar.com.br\/index.php\/wp-json\/wp\/v2\/media\/4783"}],"wp:attachment":[{"href":"https:\/\/suburbionoar.com.br\/index.php\/wp-json\/wp\/v2\/media?parent=4782"}],"wp:term":[{"taxonomy":"category","embeddable":true,"href":"https:\/\/suburbionoar.com.br\/index.php\/wp-json\/wp\/v2\/categories?post=4782"},{"taxonomy":"post_tag","embeddable":true,"href":"https:\/\/suburbionoar.com.br\/index.php\/wp-json\/wp\/v2\/tags?post=4782"}],"curies":[{"name":"wp","href":"https:\/\/api.w.org\/{rel}","templated":true}]}}