{"id":4779,"date":"2023-10-05T11:26:28","date_gmt":"2023-10-05T14:26:28","guid":{"rendered":"https:\/\/suburbionoar.com.br\/?p=4779"},"modified":"2023-10-05T11:26:30","modified_gmt":"2023-10-05T14:26:30","slug":"governo-vai-antecipar-bolsa-familia-em-municipios-atingidos-por-seca","status":"publish","type":"post","link":"https:\/\/suburbionoar.com.br\/index.php\/2023\/10\/05\/governo-vai-antecipar-bolsa-familia-em-municipios-atingidos-por-seca\/","title":{"rendered":"Governo vai antecipar Bolsa Fam\u00edlia em munic\u00edpios atingidos por seca"},"content":{"rendered":"\n<p>O vice-presidente e ministro do Desenvolvimento, Ind\u00fastria, Com\u00e9rcio e Servi\u00e7os, Geraldo Alckmin, visitou nesta quarta-feira (4), a regi\u00e3o afetada pela forte estiagem que castiga a Amaz\u00f4nia. Acompanhado por uma comitiva de ministros, Alckmin desembarcou em Manaus na manh\u00e3 de hoje e participou de reuni\u00f5es com autoridades, empres\u00e1rios e representantes de comunidades locais.<\/p>\n\n\n\n<p>&#8220;N\u00e3o faltar\u00e3o recursos [do governo federal]. Quem tiver necessidade vai encaminhando pra gente poder, dentro da lei, liberar os recursos o mais r\u00e1pido poss\u00edvel e atender a popula\u00e7\u00e3o&#8221;, disse o vice-presidente a jornalistas em entrevista coletiva. Uma das visitas feitas por Alckmin foi \u00e0 comunidade de Catal\u00e3o, na regi\u00e3o do munic\u00edpio de Iranduba, regi\u00e3o metropolitana de Manaus. &nbsp;<\/p>\n\n\n\n<p>Ao todo, cerca de 500 mil pessoas no Amazonas, no Acre e em Rond\u00f4nia foram afetadas pela seca extrema. S\u00f3 no Amazonas, quase 60 munic\u00edpios est\u00e3o em situa\u00e7\u00e3o de emerg\u00eancia decretada pelo governo estadual. A viagem ocorreu a pedido do presidente Luiz In\u00e1cio Lula da Silva, que se recupera de uma cirurgia em Bras\u00edlia.<\/p>\n\n\n\n<p><strong>A\u00e7\u00f5es emergenciais<\/strong><\/p>\n\n\n\n<p>Entre as medidas anunciadas pelo vice-presidente em nome do governo federal, est\u00e1 a realiza\u00e7\u00e3o de duas obras de dragagem, uma no Rio Solim\u00f5es, entre os munic\u00edpios de Benjamin Constant e Tabatinga, e outra no Rio Madeira, tamb\u00e9m no Amazonas. O objetivo \u00e9 recuperar a capacidade de navega\u00e7\u00e3o de ambos os rios, que s\u00e3o art\u00e9rias essenciais no transporte de pessoas e escoamento de mercadorias.<\/p>\n\n\n\n<p>A primeira obra, no Solim\u00f5es, com 8 quil\u00f4metros de extens\u00e3o, ter\u00e1 dura\u00e7\u00e3o de 30 dias e custo de R$ 38 milh\u00f5es. Nesse caso, a ordem de servi\u00e7o j\u00e1 foi assinada, e os trabalhos come\u00e7am nos pr\u00f3ximos dias. A segunda obra, de 12 quil\u00f4metros, ainda ser\u00e1 contratada pelo Minist\u00e9rio dos Portos e Aeroportos e ter\u00e1 dura\u00e7\u00e3o de 45 a 60 dias, a um custo total de R$ 100 milh\u00f5es.<\/p>\n\n\n\n<p>Nos munic\u00edpios com situa\u00e7\u00e3o de emerg\u00eancia decretada, o governo federal vai antecipar para o pr\u00f3ximo dia 19 o pagamento do Bolsa Fam\u00edlia e do Benef\u00edcio de Presta\u00e7\u00e3o Continuada (BPC). Agricultores do Programa Nacional de Fortalecimento da Agricultura Familiar (Pronaf) que tiveram perda de produ\u00e7\u00e3o ter\u00e3o direito ao pagamento do seguro integral.<\/p>\n\n\n\n<p>O governo tamb\u00e9m estuda liberar o seguro-defeso aos pescadores pelo per\u00edodo em que foram prejudicados. O Minist\u00e9rio do Meio Ambiente e Mudan\u00e7as do Clima anunciou o envio de 191 brigadistas para refor\u00e7ar a equipe local que trabalha no controle de inc\u00eandios.<\/p>\n\n\n\n<p>O Minist\u00e9rio de Minas e Energia informou que uma a\u00e7\u00e3o preventiva realizada meses atr\u00e1s permitiu a estocagem de \u00f3leo diesel na regi\u00e3o, o que garantir\u00e1, pelos pr\u00f3ximos 30 dias, o sistema de abastecimento de 169 setores isolados no Amazonas.<\/p>\n\n\n\n<p>Na parte de sa\u00fade, o governo federal enviar\u00e1 kits de medicamentos para os munic\u00edpios afetados. Cada kit enviado pelo Minist\u00e9rio da Sa\u00fade pode atender at\u00e9 15 mil pessoas. O levantamento sobre a demanda ser\u00e1 feito pelas pr\u00f3prias prefeituras. Tamb\u00e9m foram enviados para Manaus 240 profissionais do programa Mais M\u00e9dicos, e 540 v\u00e3o sendo distribu\u00eddos para o interior do Amazonas e outras localidades da Regi\u00e3o Norte.\u00a0<\/p>\n\n\n\n<p>Fonte: Varela Net <\/p>\n","protected":false},"excerpt":{"rendered":"<p>O vice-presidente e ministro do Desenvolvimento, Ind\u00fastria, Com\u00e9rcio e Servi\u00e7os, Geraldo Alckmin, visitou nesta quarta-feira (4), a regi\u00e3o afetada pela forte estiagem que castiga a Amaz\u00f4nia. Acompanhado por uma comitiva de ministros, Alckmin desembarcou em Manaus na manh\u00e3 de hoje e participou de reuni\u00f5es com autoridades, empres\u00e1rios e representantes de comunidades locais. &#8220;N\u00e3o faltar\u00e3o recursos [&hellip;]<\/p>\n","protected":false},"author":2,"featured_media":4780,"comment_status":"open","ping_status":"open","sticky":false,"template":"","format":"standard","meta":{"footnotes":""},"categories":[91],"tags":[],"class_list":["post-4779","post","type-post","status-publish","format-standard","has-post-thumbnail","hentry","category-politica"],"_links":{"self":[{"href":"https:\/\/suburbionoar.com.br\/index.php\/wp-json\/wp\/v2\/posts\/4779","targetHints":{"allow":["GET"]}}],"collection":[{"href":"https:\/\/suburbionoar.com.br\/index.php\/wp-json\/wp\/v2\/posts"}],"about":[{"href":"https:\/\/suburbionoar.com.br\/index.php\/wp-json\/wp\/v2\/types\/post"}],"author":[{"embeddable":true,"href":"https:\/\/suburbionoar.com.br\/index.php\/wp-json\/wp\/v2\/users\/2"}],"replies":[{"embeddable":true,"href":"https:\/\/suburbionoar.com.br\/index.php\/wp-json\/wp\/v2\/comments?post=4779"}],"version-history":[{"count":1,"href":"https:\/\/suburbionoar.com.br\/index.php\/wp-json\/wp\/v2\/posts\/4779\/revisions"}],"predecessor-version":[{"id":4781,"href":"https:\/\/suburbionoar.com.br\/index.php\/wp-json\/wp\/v2\/posts\/4779\/revisions\/4781"}],"wp:featuredmedia":[{"embeddable":true,"href":"https:\/\/suburbionoar.com.br\/index.php\/wp-json\/wp\/v2\/media\/4780"}],"wp:attachment":[{"href":"https:\/\/suburbionoar.com.br\/index.php\/wp-json\/wp\/v2\/media?parent=4779"}],"wp:term":[{"taxonomy":"category","embeddable":true,"href":"https:\/\/suburbionoar.com.br\/index.php\/wp-json\/wp\/v2\/categories?post=4779"},{"taxonomy":"post_tag","embeddable":true,"href":"https:\/\/suburbionoar.com.br\/index.php\/wp-json\/wp\/v2\/tags?post=4779"}],"curies":[{"name":"wp","href":"https:\/\/api.w.org\/{rel}","templated":true}]}}