{"id":4764,"date":"2023-10-04T16:42:33","date_gmt":"2023-10-04T19:42:33","guid":{"rendered":"https:\/\/suburbionoar.com.br\/?p=4764"},"modified":"2023-10-04T16:42:35","modified_gmt":"2023-10-04T19:42:35","slug":"ford-e-governo-da-bahia-aprovam-acordo-para-utilizacao-imediata-da-fabrica-de-camacari","status":"publish","type":"post","link":"https:\/\/suburbionoar.com.br\/index.php\/2023\/10\/04\/ford-e-governo-da-bahia-aprovam-acordo-para-utilizacao-imediata-da-fabrica-de-camacari\/","title":{"rendered":"Ford e Governo da Bahia aprovam acordo para utiliza\u00e7\u00e3o imediata da f\u00e1brica de Cama\u00e7ari"},"content":{"rendered":"\n<p>A Ford confirmou que entrou em acordo com o Governo da Bahia sobre a revers\u00e3o da f\u00e1brica de Cama\u00e7ari para o Estado da Bahia, permitindo assim a utiliza\u00e7\u00e3o imediata do im\u00f3vel pelo estado. Segundo a empresa, esse contrato segue legisla\u00e7\u00e3o estadual existente.<\/p>\n\n\n\n<p>Esse an\u00fancio abre caminho para a utiliza\u00e7\u00e3o do local pela BYD. O fabricante chin\u00eas inclusive j\u00e1 confirmou a pedra fundamental para segunda-feira, dia 9 de outubro.<\/p>\n\n\n\n<p>A cerim\u00f4nia ter\u00e1 presen\u00e7a do CEO Global e fundador da BYD, Wang Chuanfu, a CEO Am\u00e9ricas, Stella Li, e seu presidente no Brasil, Tyler Li.<\/p>\n\n\n\n<p>Fonte: Jornal Correio <\/p>\n","protected":false},"excerpt":{"rendered":"<p>A Ford confirmou que entrou em acordo com o Governo da Bahia sobre a revers\u00e3o da f\u00e1brica de Cama\u00e7ari para o Estado da Bahia, permitindo assim a utiliza\u00e7\u00e3o imediata do im\u00f3vel pelo estado. Segundo a empresa, esse contrato segue legisla\u00e7\u00e3o estadual existente. Esse an\u00fancio abre caminho para a utiliza\u00e7\u00e3o do local pela BYD. O fabricante [&hellip;]<\/p>\n","protected":false},"author":2,"featured_media":4765,"comment_status":"open","ping_status":"open","sticky":false,"template":"","format":"standard","meta":{"footnotes":""},"categories":[85],"tags":[],"class_list":["post-4764","post","type-post","status-publish","format-standard","has-post-thumbnail","hentry","category-noticias"],"_links":{"self":[{"href":"https:\/\/suburbionoar.com.br\/index.php\/wp-json\/wp\/v2\/posts\/4764","targetHints":{"allow":["GET"]}}],"collection":[{"href":"https:\/\/suburbionoar.com.br\/index.php\/wp-json\/wp\/v2\/posts"}],"about":[{"href":"https:\/\/suburbionoar.com.br\/index.php\/wp-json\/wp\/v2\/types\/post"}],"author":[{"embeddable":true,"href":"https:\/\/suburbionoar.com.br\/index.php\/wp-json\/wp\/v2\/users\/2"}],"replies":[{"embeddable":true,"href":"https:\/\/suburbionoar.com.br\/index.php\/wp-json\/wp\/v2\/comments?post=4764"}],"version-history":[{"count":1,"href":"https:\/\/suburbionoar.com.br\/index.php\/wp-json\/wp\/v2\/posts\/4764\/revisions"}],"predecessor-version":[{"id":4766,"href":"https:\/\/suburbionoar.com.br\/index.php\/wp-json\/wp\/v2\/posts\/4764\/revisions\/4766"}],"wp:featuredmedia":[{"embeddable":true,"href":"https:\/\/suburbionoar.com.br\/index.php\/wp-json\/wp\/v2\/media\/4765"}],"wp:attachment":[{"href":"https:\/\/suburbionoar.com.br\/index.php\/wp-json\/wp\/v2\/media?parent=4764"}],"wp:term":[{"taxonomy":"category","embeddable":true,"href":"https:\/\/suburbionoar.com.br\/index.php\/wp-json\/wp\/v2\/categories?post=4764"},{"taxonomy":"post_tag","embeddable":true,"href":"https:\/\/suburbionoar.com.br\/index.php\/wp-json\/wp\/v2\/tags?post=4764"}],"curies":[{"name":"wp","href":"https:\/\/api.w.org\/{rel}","templated":true}]}}