{"id":4755,"date":"2023-10-04T16:09:12","date_gmt":"2023-10-04T19:09:12","guid":{"rendered":"https:\/\/suburbionoar.com.br\/?p=4755"},"modified":"2023-10-04T16:09:13","modified_gmt":"2023-10-04T19:09:13","slug":"homem-que-matou-amigo-de-infancia-e-preso-em-feira","status":"publish","type":"post","link":"https:\/\/suburbionoar.com.br\/index.php\/2023\/10\/04\/homem-que-matou-amigo-de-infancia-e-preso-em-feira\/","title":{"rendered":"Homem que matou amigo de inf\u00e2ncia \u00e9 preso em Feira"},"content":{"rendered":"\n<p>Investigadores da Delegacia de Homic\u00eddios (DH) de Feira de Santana cumpriram\u00a0 um mandado de pris\u00e3o preventiva contra um homem, de 47 anos, apontado como autor da morte de Roberto Teles da Mangabeira. De acordo com o delegado\u00a0Yves Correia,\u00a0o investigado escondeu o corpo debaixo do sof\u00e1 de sua casa, onde matou o amigo de inf\u00e2ncia e escondeu no dia seguinte em via p\u00fablica. A motiva\u00e7\u00e3o ainda ser\u00e1 esclarecida.<\/p>\n\n\n\n<p>O suspeito foi localizado no bairro Queimadinha e confessou o crime, que ocorreu no dia 31 de julho, na Mangabeira. \u201cA v\u00edtima, amigo de inf\u00e2ncia do autor, foi agredida com uma barra de ferro, amarrada, amorda\u00e7ada e teve o rosto coberto por sacos pl\u00e1sticos, vindo a morrer por asfixia\u201d, explicou o coordenador da 1\u00aa Coordenadoria Regional de Pol\u00edcia do Interior (Coorpin\/Feira).<\/p>\n\n\n\n<p>Com o cumprimento da ordem judicial, o homem foi submetido ao exame de les\u00e3o corporal e encaminhado para o Pres\u00eddio Regional de Feira de Santana, onde permanece \u00e0 disposi\u00e7\u00e3o da Justi\u00e7a.<\/p>\n\n\n\n<p>Fonte: ATarde <\/p>\n","protected":false},"excerpt":{"rendered":"<p>Investigadores da Delegacia de Homic\u00eddios (DH) de Feira de Santana cumpriram\u00a0 um mandado de pris\u00e3o preventiva contra um homem, de 47 anos, apontado como autor da morte de Roberto Teles da Mangabeira. De acordo com o delegado\u00a0Yves Correia,\u00a0o investigado escondeu o corpo debaixo do sof\u00e1 de sua casa, onde matou o amigo de inf\u00e2ncia e [&hellip;]<\/p>\n","protected":false},"author":2,"featured_media":4756,"comment_status":"open","ping_status":"open","sticky":false,"template":"","format":"standard","meta":{"footnotes":""},"categories":[105],"tags":[],"class_list":["post-4755","post","type-post","status-publish","format-standard","has-post-thumbnail","hentry","category-policia"],"_links":{"self":[{"href":"https:\/\/suburbionoar.com.br\/index.php\/wp-json\/wp\/v2\/posts\/4755","targetHints":{"allow":["GET"]}}],"collection":[{"href":"https:\/\/suburbionoar.com.br\/index.php\/wp-json\/wp\/v2\/posts"}],"about":[{"href":"https:\/\/suburbionoar.com.br\/index.php\/wp-json\/wp\/v2\/types\/post"}],"author":[{"embeddable":true,"href":"https:\/\/suburbionoar.com.br\/index.php\/wp-json\/wp\/v2\/users\/2"}],"replies":[{"embeddable":true,"href":"https:\/\/suburbionoar.com.br\/index.php\/wp-json\/wp\/v2\/comments?post=4755"}],"version-history":[{"count":1,"href":"https:\/\/suburbionoar.com.br\/index.php\/wp-json\/wp\/v2\/posts\/4755\/revisions"}],"predecessor-version":[{"id":4757,"href":"https:\/\/suburbionoar.com.br\/index.php\/wp-json\/wp\/v2\/posts\/4755\/revisions\/4757"}],"wp:featuredmedia":[{"embeddable":true,"href":"https:\/\/suburbionoar.com.br\/index.php\/wp-json\/wp\/v2\/media\/4756"}],"wp:attachment":[{"href":"https:\/\/suburbionoar.com.br\/index.php\/wp-json\/wp\/v2\/media?parent=4755"}],"wp:term":[{"taxonomy":"category","embeddable":true,"href":"https:\/\/suburbionoar.com.br\/index.php\/wp-json\/wp\/v2\/categories?post=4755"},{"taxonomy":"post_tag","embeddable":true,"href":"https:\/\/suburbionoar.com.br\/index.php\/wp-json\/wp\/v2\/tags?post=4755"}],"curies":[{"name":"wp","href":"https:\/\/api.w.org\/{rel}","templated":true}]}}