{"id":4749,"date":"2023-10-04T15:05:13","date_gmt":"2023-10-04T18:05:13","guid":{"rendered":"https:\/\/suburbionoar.com.br\/?p=4749"},"modified":"2023-10-04T15:05:15","modified_gmt":"2023-10-04T18:05:15","slug":"apresentador-da-record-tv-itapoan-vira-manchete-no-programa-de-sonia-abrao-veja-quem","status":"publish","type":"post","link":"https:\/\/suburbionoar.com.br\/index.php\/2023\/10\/04\/apresentador-da-record-tv-itapoan-vira-manchete-no-programa-de-sonia-abrao-veja-quem\/","title":{"rendered":"Apresentador da Record TV Itapoan vira manchete no programa de S\u00f4nia Abr\u00e3o;\u00a0veja\u00a0quem"},"content":{"rendered":"\n<p>O programa A Tarde \u00e9 Sua, da RedeTV!, comandado pela apresentadora S\u00f4nia Abr\u00e3o, \u00e9 famoso por falar sobre fofocas e mostrar tudo que viraliza no mundo dos famosos e nas redes sociais. A edi\u00e7\u00e3o desta quarta-feira (3) deu destaque a um assunto que repercutiu na Bahia e no Brasil: o\u00a0rep\u00f3rter Jorge Ara\u00fajo, do programa Balan\u00e7o Geral, da Record TV Itapoan, derrubando a porta de uma telespectadora ao vivo.<\/p>\n\n\n\n<p>&#8220;Cuidado com quem voc\u00eas colocam dentro de casa. N\u00e3o chama qualquer um pra sua casa, porque tem gente que n\u00e3o sabe se comportar na casa dos outros. Tem gente que quer mexer em tudo, saber de tudo, pergunta tudo. Mas quando a pessoa chega e derruba a porta da sua casa, eu nunca tinha visto&#8221;, inicia o jornalista Felipeh Campos, que tamb\u00e9m comanda a atra\u00e7\u00e3o.<\/p>\n\n\n\n<p>Na sequ\u00eancia, surge o v\u00eddeo de Jorge Ara\u00fajo durante a situa\u00e7\u00e3o inusitada. Ao entrar na casa de uma telespectadora, o rep\u00f3rter acabou derrubando a porta da resid\u00eancia, que n\u00e3o estava em seu melhor estado de conserva\u00e7\u00e3o.\u00a0<\/p>\n\n\n\n<p>&#8220;T\u00e1 repreendido em nome de Jesus! Meu pai. Segura!&#8221;, exclamou a mulher assustada. Nas imagens, \u00e9 poss\u00edvel ver tamb\u00e9m que um cinegrafista da emissora aguardava a entrada do rep\u00f3rter.<\/p>\n\n\n\n<p>Os apresentadores do A Tarde \u00e9 Sua n\u00e3o aguentam o riso com o v\u00eddeo. &#8220;Tadinha, gente&#8221;, disse S\u00f4nia Abr\u00e3o. &#8220;Antigamente Gugu ia reformar as casas, agora t\u00e3o indo quebrar a casa dos outros&#8221;, brincou Felipeh.<\/p>\n\n\n\n<p>&#8220;Que bafaf\u00e1 meu Deus, esse Jorge \u00e9 uma figuraaa extraordin\u00e1ria&#8221;, escreveu o cantor Tony Salles. &#8220;Jorge \u00e9 foda. Eu paro de fazer as coisas pra assistir ele&#8221;, escreveu o perfil oficial do grupo Psirico com muitos emojis de riso.<\/p>\n\n\n\n<p>Fonte: Bnews <\/p>\n","protected":false},"excerpt":{"rendered":"<p>O programa A Tarde \u00e9 Sua, da RedeTV!, comandado pela apresentadora S\u00f4nia Abr\u00e3o, \u00e9 famoso por falar sobre fofocas e mostrar tudo que viraliza no mundo dos famosos e nas redes sociais. A edi\u00e7\u00e3o desta quarta-feira (3) deu destaque a um assunto que repercutiu na Bahia e no Brasil: o\u00a0rep\u00f3rter Jorge Ara\u00fajo, do programa Balan\u00e7o [&hellip;]<\/p>\n","protected":false},"author":2,"featured_media":4750,"comment_status":"open","ping_status":"open","sticky":false,"template":"","format":"standard","meta":{"footnotes":""},"categories":[93],"tags":[],"class_list":["post-4749","post","type-post","status-publish","format-standard","has-post-thumbnail","hentry","category-entretenimento"],"_links":{"self":[{"href":"https:\/\/suburbionoar.com.br\/index.php\/wp-json\/wp\/v2\/posts\/4749","targetHints":{"allow":["GET"]}}],"collection":[{"href":"https:\/\/suburbionoar.com.br\/index.php\/wp-json\/wp\/v2\/posts"}],"about":[{"href":"https:\/\/suburbionoar.com.br\/index.php\/wp-json\/wp\/v2\/types\/post"}],"author":[{"embeddable":true,"href":"https:\/\/suburbionoar.com.br\/index.php\/wp-json\/wp\/v2\/users\/2"}],"replies":[{"embeddable":true,"href":"https:\/\/suburbionoar.com.br\/index.php\/wp-json\/wp\/v2\/comments?post=4749"}],"version-history":[{"count":1,"href":"https:\/\/suburbionoar.com.br\/index.php\/wp-json\/wp\/v2\/posts\/4749\/revisions"}],"predecessor-version":[{"id":4751,"href":"https:\/\/suburbionoar.com.br\/index.php\/wp-json\/wp\/v2\/posts\/4749\/revisions\/4751"}],"wp:featuredmedia":[{"embeddable":true,"href":"https:\/\/suburbionoar.com.br\/index.php\/wp-json\/wp\/v2\/media\/4750"}],"wp:attachment":[{"href":"https:\/\/suburbionoar.com.br\/index.php\/wp-json\/wp\/v2\/media?parent=4749"}],"wp:term":[{"taxonomy":"category","embeddable":true,"href":"https:\/\/suburbionoar.com.br\/index.php\/wp-json\/wp\/v2\/categories?post=4749"},{"taxonomy":"post_tag","embeddable":true,"href":"https:\/\/suburbionoar.com.br\/index.php\/wp-json\/wp\/v2\/tags?post=4749"}],"curies":[{"name":"wp","href":"https:\/\/api.w.org\/{rel}","templated":true}]}}