{"id":4745,"date":"2023-10-04T14:51:48","date_gmt":"2023-10-04T17:51:48","guid":{"rendered":"https:\/\/suburbionoar.com.br\/?p=4745"},"modified":"2023-10-04T14:51:50","modified_gmt":"2023-10-04T17:51:50","slug":"eliminado-da-sul-americana-lateral-do-corinthians-indica-aposentadoria-neste-ano-dificil-achar-motivacao-para-continuar","status":"publish","type":"post","link":"https:\/\/suburbionoar.com.br\/index.php\/2023\/10\/04\/eliminado-da-sul-americana-lateral-do-corinthians-indica-aposentadoria-neste-ano-dificil-achar-motivacao-para-continuar\/","title":{"rendered":"Eliminado da Sul-Americana, lateral do Corinthians indica aposentadoria neste ano: &#8220;Dif\u00edcil achar motiva\u00e7\u00e3o para continuar&#8221;"},"content":{"rendered":"\n<p>O lateral-esquerdo F\u00e1bio Santos, de 38 anos, indicou que vai se aposentar no final da temporada. A declara\u00e7\u00e3o foi dada ap\u00f3s a derrota do Corinthians para o Fortaleza por 2 a 0, na noite desta ter\u00e7a-feira (3), pelo jogo de volta semifinal da Copa Sul-Americana, que resultou na elimina\u00e7\u00e3o da equipe. Ele tem contrato com o clube paulista at\u00e9 31 de dezembro.<\/p>\n\n\n\n<p>&#8220;Grandes chances, n\u00e9? N\u00e3o queria confirmar isso agora, n\u00e9, j\u00e1 estava deixando para o final do ano para quem sabe deixar com uma conquista, chegamos em duas semifinais, mas agora vai ser dif\u00edcil achar for\u00e7a e motiva\u00e7\u00e3o para continuar. Pela minha carreira, por tudo o que constru\u00ed, principalmente nesse clube que amo de paix\u00e3o, tentar terminar da forma mais digna poss\u00edvel&#8221;, afirmou em entrevista ao SBT. &#8220;Dif\u00edcil falar com cabe\u00e7a quente, agora \u00e9 tentar achar motiva\u00e7\u00e3o para terminar essa temporada e, quem sabe, terminar a carreira de uma forma digna, de tudo aquilo que constru\u00ed dentro do clube, s\u00f3 pe\u00e7o desculpas ao torcedor. Sem sombra de d\u00favidas esse \u00e9 um dos momentos mais complicados, pensar em parar, j\u00e1 tem sido um ano bastante complicado para tentar aceitar esse tipo de situa\u00e7\u00e3o&#8221;, completou.<\/p>\n\n\n\n<p>\u00cddolo do Tim\u00e3o, F\u00e1bio Santos conquistou t\u00edtulos importantes na sua primeira passagem pelo clube quando levantou os trof\u00e9us da Libertadores e do Mundial de Clubes, ambos em 2012. Tr\u00eas anos depois, ele deixou o clube. O lateral retornou na temporada de 2020. Apesar da idade, tem jogado bastante nesta temporada de 2023. Titular na noite desta ter\u00e7a, os dois gols do Tricolor do Pici foram marcados em jogadas feitas no seu setor.<\/p>\n\n\n\n<p>&#8220;Melhor acontecer comigo, que j\u00e1 suportei bastante coisa, do que com um menino. Agora temos que tirar o Corinthians dessa situa\u00e7\u00e3o, foi um ano complicado, \u00e9 um grupo muito bom&#8221;, comentou.<\/p>\n\n\n\n<p>A elimina\u00e7\u00e3o na Sul-Americana \u00e9 a quarta do Corinthians na atual temporada. Antes o Tim\u00e3o j\u00e1 havia ca\u00eddo no Paulist\u00e3o, deixado a Libertadores na fase de grupos e deu adeus \u00e0 Copa do Brasil com derrota para o rival S\u00e3o Paulo. No Brasileir\u00e3o, a equipe briga contra o rebaixamento, ocupando a 13\u00aa posi\u00e7\u00e3o com 30 pontos, quatro a mais da degola.<\/p>\n\n\n\n<p>&#8220;Mais do que ningu\u00e9m eu queria esse t\u00edtulo para fechar com chave de ouro. Voltei para o clube num momento em que ele precisava, queria muito dar essa conquista para meus filhos, esposa, fam\u00edlia. Tem sido um ano muito dif\u00edcil, apanhando desde o come\u00e7o, mas nunca me escondi, mesmo com 38 anos estou com quase 50 jogos na temporada, de repente isso acabou dificultando um pouco&#8221;, lamentou F\u00e1bio Santos.<\/p>\n\n\n\n<p>O Corinthians volta ao gramado no pr\u00f3ximo s\u00e1bado (7), \u00e0s 21h, para enfrentar o Flamengo, na Neo Qu\u00edmica Arena, pela 26\u00aa rodada do Brasileiro.<\/p>\n\n\n\n<p>Fonte: Bahia Not\u00edcias <\/p>\n","protected":false},"excerpt":{"rendered":"<p>O lateral-esquerdo F\u00e1bio Santos, de 38 anos, indicou que vai se aposentar no final da temporada. A declara\u00e7\u00e3o foi dada ap\u00f3s a derrota do Corinthians para o Fortaleza por 2 a 0, na noite desta ter\u00e7a-feira (3), pelo jogo de volta semifinal da Copa Sul-Americana, que resultou na elimina\u00e7\u00e3o da equipe. Ele tem contrato com [&hellip;]<\/p>\n","protected":false},"author":2,"featured_media":4746,"comment_status":"open","ping_status":"open","sticky":false,"template":"","format":"standard","meta":{"footnotes":""},"categories":[89],"tags":[],"class_list":["post-4745","post","type-post","status-publish","format-standard","has-post-thumbnail","hentry","category-esportes"],"_links":{"self":[{"href":"https:\/\/suburbionoar.com.br\/index.php\/wp-json\/wp\/v2\/posts\/4745","targetHints":{"allow":["GET"]}}],"collection":[{"href":"https:\/\/suburbionoar.com.br\/index.php\/wp-json\/wp\/v2\/posts"}],"about":[{"href":"https:\/\/suburbionoar.com.br\/index.php\/wp-json\/wp\/v2\/types\/post"}],"author":[{"embeddable":true,"href":"https:\/\/suburbionoar.com.br\/index.php\/wp-json\/wp\/v2\/users\/2"}],"replies":[{"embeddable":true,"href":"https:\/\/suburbionoar.com.br\/index.php\/wp-json\/wp\/v2\/comments?post=4745"}],"version-history":[{"count":1,"href":"https:\/\/suburbionoar.com.br\/index.php\/wp-json\/wp\/v2\/posts\/4745\/revisions"}],"predecessor-version":[{"id":4747,"href":"https:\/\/suburbionoar.com.br\/index.php\/wp-json\/wp\/v2\/posts\/4745\/revisions\/4747"}],"wp:featuredmedia":[{"embeddable":true,"href":"https:\/\/suburbionoar.com.br\/index.php\/wp-json\/wp\/v2\/media\/4746"}],"wp:attachment":[{"href":"https:\/\/suburbionoar.com.br\/index.php\/wp-json\/wp\/v2\/media?parent=4745"}],"wp:term":[{"taxonomy":"category","embeddable":true,"href":"https:\/\/suburbionoar.com.br\/index.php\/wp-json\/wp\/v2\/categories?post=4745"},{"taxonomy":"post_tag","embeddable":true,"href":"https:\/\/suburbionoar.com.br\/index.php\/wp-json\/wp\/v2\/tags?post=4745"}],"curies":[{"name":"wp","href":"https:\/\/api.w.org\/{rel}","templated":true}]}}