{"id":4739,"date":"2023-10-04T14:09:09","date_gmt":"2023-10-04T17:09:09","guid":{"rendered":"https:\/\/suburbionoar.com.br\/?p=4739"},"modified":"2023-10-04T14:09:11","modified_gmt":"2023-10-04T17:09:11","slug":"deputados-da-al-ba-convocam-presidente-da-viabahia-para-prestar-esclarecimento-sobre-estradas-baianas","status":"publish","type":"post","link":"https:\/\/suburbionoar.com.br\/index.php\/2023\/10\/04\/deputados-da-al-ba-convocam-presidente-da-viabahia-para-prestar-esclarecimento-sobre-estradas-baianas\/","title":{"rendered":"Deputados da AL-BA convocam presidente da ViaBahia para prestar esclarecimento sobre estradas baianas"},"content":{"rendered":"\n<p>Os deputados da Assembleia Legislativa da Bahia (AL-BA) aprovaram, nesta ter\u00e7a-feira (3), a convoca\u00e7\u00e3o do presidente da Via Bahia, Jos\u00e9 Bartolomeu, para prestar esclarecimento sobre o atual estado da BR -324 e BR-116, administradas pela concession\u00e1ria.&nbsp;<\/p>\n\n\n\n<p>A convoca\u00e7\u00e3o foi aprovada por unanimidade nas Comiss\u00f5es de Infraestrutura, Desenvolvimento Econ\u00f4mico e Turismo e de Agricultura, durante reuni\u00e3o.&nbsp;<\/p>\n\n\n\n<p>De acordo com o parlamentar Eduardo Salles, \u00e9 preciso cobrar do presidente da concession\u00e1ria as promessas feitas em audi\u00eancia anterior, realizada em abril, e saber o que a empresa tem feito para sanar os in\u00fameros problemas cr\u00f4nicos destas rodovias que t\u00eam causado danos \u00e0 popula\u00e7\u00e3o baiana.<\/p>\n\n\n\n<p>\u201cNa \u00e9poca, foram duas horas de reuni\u00e3o e in\u00fameras promessas de investimentos, mas at\u00e9 agora nada foi feito. Todos os deputados est\u00e3o mobilizados para que tenhamos uma solu\u00e7\u00e3o. A popula\u00e7\u00e3o n\u00e3o tem como tolerar essa situa\u00e7\u00e3o at\u00e9 2034, quando encerra o prazo da concess\u00e3o, e n\u00e3o aguenta mais trafegar por essas rodovias em p\u00e9ssimas condi\u00e7\u00f5es, causando riscos de acidentes fatais\u201d, disse Salles.<\/p>\n\n\n\n<p>O deputado destacou ainda que n\u00e3o h\u00e1 mais justificativa para os motoristas enfrentarem tantos problemas de infraestrutura ap\u00f3s mais de uma d\u00e9cada de concess\u00e3o do servi\u00e7o \u00e0 Via Bahia.<\/p>\n\n\n\n<p>\u201cSe a Via Bahia n\u00e3o tem condi\u00e7\u00f5es de melhorar a qualidade do servi\u00e7o, que entregue a concess\u00e3o e o governo federal fa\u00e7a uma nova licita\u00e7\u00e3o. A luta n\u00e3o \u00e9 de Eduardo Salles, mas \u00e9 un\u00e2nime entre os deputados da Assembleia Legislativa. Estamos ajustando tamb\u00e9m uma manifesta\u00e7\u00e3o pac\u00edfica dos deputados sobre o assunto. \u00c9 um grito da sociedade baiana que n\u00e3o aguenta mais pagar ped\u00e1gio na BR-324 e na BR-116 e ter rodovias de p\u00e9ssima qualidade\u201d, concluiu o deputado.&nbsp;<\/p>\n\n\n\n<p>Ainda n\u00e3o h\u00e1 data prevista para a convoca\u00e7\u00e3o do presidente da ViaBahia.<\/p>\n\n\n\n<p>Fonte: Bahia Not\u00edcias <\/p>\n","protected":false},"excerpt":{"rendered":"<p>Os deputados da Assembleia Legislativa da Bahia (AL-BA) aprovaram, nesta ter\u00e7a-feira (3), a convoca\u00e7\u00e3o do presidente da Via Bahia, Jos\u00e9 Bartolomeu, para prestar esclarecimento sobre o atual estado da BR -324 e BR-116, administradas pela concession\u00e1ria.&nbsp; A convoca\u00e7\u00e3o foi aprovada por unanimidade nas Comiss\u00f5es de Infraestrutura, Desenvolvimento Econ\u00f4mico e Turismo e de Agricultura, durante reuni\u00e3o.&nbsp; [&hellip;]<\/p>\n","protected":false},"author":2,"featured_media":4740,"comment_status":"open","ping_status":"open","sticky":false,"template":"","format":"standard","meta":{"footnotes":""},"categories":[91],"tags":[],"class_list":["post-4739","post","type-post","status-publish","format-standard","has-post-thumbnail","hentry","category-politica"],"_links":{"self":[{"href":"https:\/\/suburbionoar.com.br\/index.php\/wp-json\/wp\/v2\/posts\/4739","targetHints":{"allow":["GET"]}}],"collection":[{"href":"https:\/\/suburbionoar.com.br\/index.php\/wp-json\/wp\/v2\/posts"}],"about":[{"href":"https:\/\/suburbionoar.com.br\/index.php\/wp-json\/wp\/v2\/types\/post"}],"author":[{"embeddable":true,"href":"https:\/\/suburbionoar.com.br\/index.php\/wp-json\/wp\/v2\/users\/2"}],"replies":[{"embeddable":true,"href":"https:\/\/suburbionoar.com.br\/index.php\/wp-json\/wp\/v2\/comments?post=4739"}],"version-history":[{"count":1,"href":"https:\/\/suburbionoar.com.br\/index.php\/wp-json\/wp\/v2\/posts\/4739\/revisions"}],"predecessor-version":[{"id":4741,"href":"https:\/\/suburbionoar.com.br\/index.php\/wp-json\/wp\/v2\/posts\/4739\/revisions\/4741"}],"wp:featuredmedia":[{"embeddable":true,"href":"https:\/\/suburbionoar.com.br\/index.php\/wp-json\/wp\/v2\/media\/4740"}],"wp:attachment":[{"href":"https:\/\/suburbionoar.com.br\/index.php\/wp-json\/wp\/v2\/media?parent=4739"}],"wp:term":[{"taxonomy":"category","embeddable":true,"href":"https:\/\/suburbionoar.com.br\/index.php\/wp-json\/wp\/v2\/categories?post=4739"},{"taxonomy":"post_tag","embeddable":true,"href":"https:\/\/suburbionoar.com.br\/index.php\/wp-json\/wp\/v2\/tags?post=4739"}],"curies":[{"name":"wp","href":"https:\/\/api.w.org\/{rel}","templated":true}]}}