{"id":4736,"date":"2023-10-04T13:54:34","date_gmt":"2023-10-04T16:54:34","guid":{"rendered":"https:\/\/suburbionoar.com.br\/?p=4736"},"modified":"2023-10-04T13:54:36","modified_gmt":"2023-10-04T16:54:36","slug":"ampliacao-de-aeroporto-no-interior-baiano-e-tema-de-audiencia-com-ministro","status":"publish","type":"post","link":"https:\/\/suburbionoar.com.br\/index.php\/2023\/10\/04\/ampliacao-de-aeroporto-no-interior-baiano-e-tema-de-audiencia-com-ministro\/","title":{"rendered":"Amplia\u00e7\u00e3o de aeroporto no interior baiano \u00e9 tema de audi\u00eancia com ministro"},"content":{"rendered":"\n<p>O projeto de amplia\u00e7\u00e3o do aeroporto de\u00a0Irec\u00ea,\u00a0no Centro Norte, pode ter um avan\u00e7o. Um estudo t\u00e9cnico foi encaminhado ao ministro de Portos e Aeroportos, S\u00edlvio Costa Filho, que deve dar uma primeira resposta em dez dias. A iniciativa foi tema de uma audi\u00eancia ocorrida nesta ter\u00e7a-feira (3) em Bras\u00edlia que juntou o ministro com pol\u00edticos do Republicanos na Bahia.<\/p>\n\n\n\n<p>O partido \u00e9 um dos bra\u00e7os da Igreja Universal na pol\u00edtica. No munic\u00edpio, a entidade comanda a Fazenda Cana\u00e3, uma propriedade com quase 450 hectares, que oferece servi\u00e7os de educa\u00e7\u00e3o e sa\u00fade para moradores carentes. <\/p>\n\n\n\n<p>Com a amplia\u00e7\u00e3o, o atual aeroporto poderia receber voos dom\u00e9sticos. Estavam presentes o deputado federal e presidente da sigla no estado, M\u00e1rcio Marinho, o deputado Jurailton Santos, e os vereadores de Irec\u00ea, Toinho do Jud\u00f4 e Irisvan.<\/p>\n\n\n\n<p>\u201cA regi\u00e3o \u00e9 muito importante. Tem o Baixio de Irec\u00ea, empregos. Tinha pedido essa audi\u00eancia com o ministro Silvio Costa Filho, para ele fazer o estudo de opera\u00e7\u00e3o desse aeroporto. T\u00ednhamos informa\u00e7\u00e3o que se a pista tivesse mais de mil metros dava para operar voos dom\u00e9sticos. Ficou combinado para ele pedir o pessoal t\u00e9cnico, um estudo para ver o que pode ser feito\u201d, disse\u00a0Marinho.<\/p>\n\n\n\n<p>Um dos poss\u00edveis empecilhos para a reforma do aeroporto de Irec\u00ea \u00e9 a proximidade com o de Len\u00e7\u00f3is, na Chapada Diamantina, o que pode refrear o interesse de empresas de avia\u00e7\u00e3o. O aeroporto de Irec\u00ea fica em um trecho pr\u00f3ximo \u00e0 BA-432 e est\u00e1 a 5,5 quil\u00f4metros da sede do munic\u00edpio.\u00a0<\/p>\n\n\n\n<p>Fonte: Bahia Not\u00edcias <\/p>\n","protected":false},"excerpt":{"rendered":"<p>O projeto de amplia\u00e7\u00e3o do aeroporto de\u00a0Irec\u00ea,\u00a0no Centro Norte, pode ter um avan\u00e7o. Um estudo t\u00e9cnico foi encaminhado ao ministro de Portos e Aeroportos, S\u00edlvio Costa Filho, que deve dar uma primeira resposta em dez dias. A iniciativa foi tema de uma audi\u00eancia ocorrida nesta ter\u00e7a-feira (3) em Bras\u00edlia que juntou o ministro com pol\u00edticos [&hellip;]<\/p>\n","protected":false},"author":2,"featured_media":4737,"comment_status":"open","ping_status":"open","sticky":false,"template":"","format":"standard","meta":{"footnotes":""},"categories":[85],"tags":[],"class_list":["post-4736","post","type-post","status-publish","format-standard","has-post-thumbnail","hentry","category-noticias"],"_links":{"self":[{"href":"https:\/\/suburbionoar.com.br\/index.php\/wp-json\/wp\/v2\/posts\/4736","targetHints":{"allow":["GET"]}}],"collection":[{"href":"https:\/\/suburbionoar.com.br\/index.php\/wp-json\/wp\/v2\/posts"}],"about":[{"href":"https:\/\/suburbionoar.com.br\/index.php\/wp-json\/wp\/v2\/types\/post"}],"author":[{"embeddable":true,"href":"https:\/\/suburbionoar.com.br\/index.php\/wp-json\/wp\/v2\/users\/2"}],"replies":[{"embeddable":true,"href":"https:\/\/suburbionoar.com.br\/index.php\/wp-json\/wp\/v2\/comments?post=4736"}],"version-history":[{"count":1,"href":"https:\/\/suburbionoar.com.br\/index.php\/wp-json\/wp\/v2\/posts\/4736\/revisions"}],"predecessor-version":[{"id":4738,"href":"https:\/\/suburbionoar.com.br\/index.php\/wp-json\/wp\/v2\/posts\/4736\/revisions\/4738"}],"wp:featuredmedia":[{"embeddable":true,"href":"https:\/\/suburbionoar.com.br\/index.php\/wp-json\/wp\/v2\/media\/4737"}],"wp:attachment":[{"href":"https:\/\/suburbionoar.com.br\/index.php\/wp-json\/wp\/v2\/media?parent=4736"}],"wp:term":[{"taxonomy":"category","embeddable":true,"href":"https:\/\/suburbionoar.com.br\/index.php\/wp-json\/wp\/v2\/categories?post=4736"},{"taxonomy":"post_tag","embeddable":true,"href":"https:\/\/suburbionoar.com.br\/index.php\/wp-json\/wp\/v2\/tags?post=4736"}],"curies":[{"name":"wp","href":"https:\/\/api.w.org\/{rel}","templated":true}]}}