{"id":4685,"date":"2023-10-03T14:32:00","date_gmt":"2023-10-03T17:32:00","guid":{"rendered":"https:\/\/suburbionoar.com.br\/?p=4685"},"modified":"2023-10-03T14:32:02","modified_gmt":"2023-10-03T17:32:02","slug":"artista-da-regiao-sisaleira-apela-por-ajuda-apos-ter-apoio-negado-por-prefeitura","status":"publish","type":"post","link":"https:\/\/suburbionoar.com.br\/index.php\/2023\/10\/03\/artista-da-regiao-sisaleira-apela-por-ajuda-apos-ter-apoio-negado-por-prefeitura\/","title":{"rendered":"Artista da regi\u00e3o sisaleira apela por ajuda ap\u00f3s ter apoio negado por prefeitura"},"content":{"rendered":"\n<p>Uma artista pl\u00e1stica de\u00a0Monte Santo,\u00a0na regi\u00e3o sisaleira, busca apoio para continuar divulgando o trabalho dela em Salvador e em outros estados. O apelo \u00e9 feito por Socorro Cabral, autora de diversos quadros com tem\u00e1tica nordestina e que remetem \u00e0 cidade natal dela. A mostra Retirantes do Sol \u00e9 exibida no sagu\u00e3o do Tribunal de Justi\u00e7a da Bahia (TJ-BA) na capital baiana.<\/p>\n\n\n\n<p>Segundo o Monte Santo Net, no \u00faltimo final de semana, a artista foi exonerada pela prefeitura de Monte Santo, o que agravou a situa\u00e7\u00e3o. Em um v\u00eddeo, Socorro Cabral exibe um requerimento em que pediu apoio \u00e0 prefeitura, mas n\u00e3o obteve \u00eaxito.<\/p>\n\n\n\n<p>\u201cEu preciso comer, preciso de transporte e eu n\u00e3o estou sendo t\u00e3o valorizada na minha terra como deveria. Sou a \u00fanica mulher que at\u00e9 hoje tem levado o nome de Monte Santo para bem longe que tenho representado muito bem a minha terra\u201d, disse. A moradora tamb\u00e9m solicitou uma ajuda por PIX.\u00a0<\/p>\n\n\n\n<p>Fonte: Bahia Not\u00edcias <\/p>\n","protected":false},"excerpt":{"rendered":"<p>Uma artista pl\u00e1stica de\u00a0Monte Santo,\u00a0na regi\u00e3o sisaleira, busca apoio para continuar divulgando o trabalho dela em Salvador e em outros estados. O apelo \u00e9 feito por Socorro Cabral, autora de diversos quadros com tem\u00e1tica nordestina e que remetem \u00e0 cidade natal dela. A mostra Retirantes do Sol \u00e9 exibida no sagu\u00e3o do Tribunal de Justi\u00e7a [&hellip;]<\/p>\n","protected":false},"author":2,"featured_media":4686,"comment_status":"open","ping_status":"open","sticky":false,"template":"","format":"standard","meta":{"footnotes":""},"categories":[85],"tags":[],"class_list":["post-4685","post","type-post","status-publish","format-standard","has-post-thumbnail","hentry","category-noticias"],"_links":{"self":[{"href":"https:\/\/suburbionoar.com.br\/index.php\/wp-json\/wp\/v2\/posts\/4685","targetHints":{"allow":["GET"]}}],"collection":[{"href":"https:\/\/suburbionoar.com.br\/index.php\/wp-json\/wp\/v2\/posts"}],"about":[{"href":"https:\/\/suburbionoar.com.br\/index.php\/wp-json\/wp\/v2\/types\/post"}],"author":[{"embeddable":true,"href":"https:\/\/suburbionoar.com.br\/index.php\/wp-json\/wp\/v2\/users\/2"}],"replies":[{"embeddable":true,"href":"https:\/\/suburbionoar.com.br\/index.php\/wp-json\/wp\/v2\/comments?post=4685"}],"version-history":[{"count":1,"href":"https:\/\/suburbionoar.com.br\/index.php\/wp-json\/wp\/v2\/posts\/4685\/revisions"}],"predecessor-version":[{"id":4687,"href":"https:\/\/suburbionoar.com.br\/index.php\/wp-json\/wp\/v2\/posts\/4685\/revisions\/4687"}],"wp:featuredmedia":[{"embeddable":true,"href":"https:\/\/suburbionoar.com.br\/index.php\/wp-json\/wp\/v2\/media\/4686"}],"wp:attachment":[{"href":"https:\/\/suburbionoar.com.br\/index.php\/wp-json\/wp\/v2\/media?parent=4685"}],"wp:term":[{"taxonomy":"category","embeddable":true,"href":"https:\/\/suburbionoar.com.br\/index.php\/wp-json\/wp\/v2\/categories?post=4685"},{"taxonomy":"post_tag","embeddable":true,"href":"https:\/\/suburbionoar.com.br\/index.php\/wp-json\/wp\/v2\/tags?post=4685"}],"curies":[{"name":"wp","href":"https:\/\/api.w.org\/{rel}","templated":true}]}}