{"id":4681,"date":"2023-10-03T14:24:54","date_gmt":"2023-10-03T17:24:54","guid":{"rendered":"https:\/\/suburbionoar.com.br\/?p=4681"},"modified":"2023-10-03T14:24:57","modified_gmt":"2023-10-03T17:24:57","slug":"acao-de-despejo-retira-44-familias-que-ocupam-area-ha-mais-de-20-anos-em-porto-seguro","status":"publish","type":"post","link":"https:\/\/suburbionoar.com.br\/index.php\/2023\/10\/03\/acao-de-despejo-retira-44-familias-que-ocupam-area-ha-mais-de-20-anos-em-porto-seguro\/","title":{"rendered":"A\u00e7\u00e3o de despejo retira 44 fam\u00edlias que ocupam \u00e1rea h\u00e1 mais de 20 anos em Porto Seguro"},"content":{"rendered":"\n<p>Uma a\u00e7\u00e3o deflagrada na manh\u00e3 desta ter\u00e7a-feira (3) tenta o despejo de 348 pessoas da comunidade Novo Horizonte, em\u00a0Porto Seguro, na Costa do Descobrimento. A medida de reintegra\u00e7\u00e3o de posse ocorre em uma \u00e1rea da chamada Gleba Ro\u00e7a do Povo &#8211; Mangabeira, ocupada pelas fam\u00edlias h\u00e1 mais de 20 anos.<\/p>\n\n\n\n<p>Segundo Weldes Queiroz, presidente da Central de Associa\u00e7\u00f5es das Comunidades Tradicionais, da Agricultura Familiar e Campesina da Bahia (Cecaf-BA), na \u00e1rea foram constru\u00eddas 39 casas, 18 tanques de cria\u00e7\u00e3o de peixes, planta\u00e7\u00f5es, al\u00e9m de criat\u00f3rios de bovinos, su\u00ednos, aves e peixes.<\/p>\n\n\n\n<p>Para Queiroz, o local \u00e9 de terras devolutas do Estado da Bahia, reconhecida pela Coordena\u00e7\u00e3o de Desenvolvimento Agr\u00e1rio (CDA) por meio da portaria n\u00ba67 de 2015. \u201cEm 2014, o pr\u00f3prio governo da Bahia deflagrou uma discriminat\u00f3ria da \u00e1rea, justamente para o processo de titula\u00e7\u00e3o dessas fam\u00edlias. Em 2022, aparece um suposto propriet\u00e1rio, todavia sem nenhum respaldo jur\u00eddico para reivindicar a \u00e1rea. S\u00e3o essas fam\u00edlias que, atrav\u00e9s da moradia e produ\u00e7\u00e3o, d\u00e3o a devida destina\u00e7\u00e3o social a terra, aos moldes do que determina a Constitui\u00e7\u00e3o Federal de 1988\u201d, disse Weldes Queiroz.<\/p>\n\n\n<div class=\"wp-block-image\">\n<figure class=\"aligncenter\"><img decoding=\"async\" src=\"https:\/\/www.bahianoticias.com.br\/fotos\/municipios_noticias\/36223\/mg\/a%C3%A7%C3%A3o%20de%20despejo%20porto%20seguro%202..jpg\" alt=\"\"\/><\/figure><\/div>\n\n\n<p class=\"has-text-align-center\"><em>Foto: Divulga\u00e7\u00e3o \/ Cecaf-BA<\/em><\/p>\n\n\n\n<p>A Cecaf-BA disse que procurou os \u00f3rg\u00e3os do Estado diante da imin\u00eancia de um despejo das fam\u00edlias. Segundo a Central, a Secretaria de Desenvolvimento Rural (SDR) chegou a sugerir que fosse \u201caguardada a defini\u00e7\u00e3o ou confirma\u00e7\u00e3o do per\u00edmetro discriminado para posterior delibera\u00e7\u00f5es quanto a uma reintegra\u00e7\u00e3o de posse\u201d.<\/p>\n\n\n\n<p>Fonte: Bahia Not\u00edcias <\/p>\n","protected":false},"excerpt":{"rendered":"<p>Uma a\u00e7\u00e3o deflagrada na manh\u00e3 desta ter\u00e7a-feira (3) tenta o despejo de 348 pessoas da comunidade Novo Horizonte, em\u00a0Porto Seguro, na Costa do Descobrimento. A medida de reintegra\u00e7\u00e3o de posse ocorre em uma \u00e1rea da chamada Gleba Ro\u00e7a do Povo &#8211; Mangabeira, ocupada pelas fam\u00edlias h\u00e1 mais de 20 anos. Segundo Weldes Queiroz, presidente da [&hellip;]<\/p>\n","protected":false},"author":2,"featured_media":4682,"comment_status":"open","ping_status":"open","sticky":false,"template":"","format":"standard","meta":{"footnotes":""},"categories":[85],"tags":[],"class_list":["post-4681","post","type-post","status-publish","format-standard","has-post-thumbnail","hentry","category-noticias"],"_links":{"self":[{"href":"https:\/\/suburbionoar.com.br\/index.php\/wp-json\/wp\/v2\/posts\/4681","targetHints":{"allow":["GET"]}}],"collection":[{"href":"https:\/\/suburbionoar.com.br\/index.php\/wp-json\/wp\/v2\/posts"}],"about":[{"href":"https:\/\/suburbionoar.com.br\/index.php\/wp-json\/wp\/v2\/types\/post"}],"author":[{"embeddable":true,"href":"https:\/\/suburbionoar.com.br\/index.php\/wp-json\/wp\/v2\/users\/2"}],"replies":[{"embeddable":true,"href":"https:\/\/suburbionoar.com.br\/index.php\/wp-json\/wp\/v2\/comments?post=4681"}],"version-history":[{"count":1,"href":"https:\/\/suburbionoar.com.br\/index.php\/wp-json\/wp\/v2\/posts\/4681\/revisions"}],"predecessor-version":[{"id":4683,"href":"https:\/\/suburbionoar.com.br\/index.php\/wp-json\/wp\/v2\/posts\/4681\/revisions\/4683"}],"wp:featuredmedia":[{"embeddable":true,"href":"https:\/\/suburbionoar.com.br\/index.php\/wp-json\/wp\/v2\/media\/4682"}],"wp:attachment":[{"href":"https:\/\/suburbionoar.com.br\/index.php\/wp-json\/wp\/v2\/media?parent=4681"}],"wp:term":[{"taxonomy":"category","embeddable":true,"href":"https:\/\/suburbionoar.com.br\/index.php\/wp-json\/wp\/v2\/categories?post=4681"},{"taxonomy":"post_tag","embeddable":true,"href":"https:\/\/suburbionoar.com.br\/index.php\/wp-json\/wp\/v2\/tags?post=4681"}],"curies":[{"name":"wp","href":"https:\/\/api.w.org\/{rel}","templated":true}]}}