{"id":4677,"date":"2023-10-03T14:10:52","date_gmt":"2023-10-03T17:10:52","guid":{"rendered":"https:\/\/suburbionoar.com.br\/?p=4677"},"modified":"2023-10-03T14:10:54","modified_gmt":"2023-10-03T17:10:54","slug":"presidencia-do-tj-ba-e-corregedoria-das-comarcas-do-interior-lancam-projeto-conciliacao-no-extrajudicial","status":"publish","type":"post","link":"https:\/\/suburbionoar.com.br\/index.php\/2023\/10\/03\/presidencia-do-tj-ba-e-corregedoria-das-comarcas-do-interior-lancam-projeto-conciliacao-no-extrajudicial\/","title":{"rendered":"Presid\u00eancia do TJ-BA e Corregedoria das Comarcas do Interior lan\u00e7am projeto Concilia\u00e7\u00e3o no Extrajudicial"},"content":{"rendered":"\n<figure class=\"wp-block-image\"><img decoding=\"async\" src=\"https:\/\/www.bahianoticias.com.br\/_next\/image?url=https%3A%2F%2Fwww.bahianoticias.com.br%2Ffotos%2Fjustica_noticias%2F68280%2FIMAGEM_NOTICIA_9.jpg%3Fchecksum%3D1696351966&amp;w=3840&amp;q=75\" alt=\"Presid\u00eancia do TJ-BA e Corregedoria das Comarcas do Interior lan\u00e7am projeto Concilia\u00e7\u00e3o no Extrajudicial\"\/><\/figure>\n\n\n\n<p>Foto: TJ-BA<\/p>\n\n\n\n<p>O debate sobre investimentos em m\u00e9todos consensuais de solu\u00e7\u00e3o de conflitos marcou o lan\u00e7amento do Projeto Concilia\u00e7\u00e3o no Extrajudicial, realizado nesta segunda-feira (2), no audit\u00f3rio do Tribunal de Justi\u00e7a da Bahia (TJ-BA). Promovido pela Corregedoria das Comarcas do Interior (CCI), o evento reuniu delegat\u00e1rios dos cart\u00f3rios de Registro Civil, de Registro de Im\u00f3veis e de Tabelionato de Notas, ju\u00edzes, advogados e representantes da sociedade civil.&nbsp;&nbsp;<\/p>\n\n\n\n<p>A iniciativa fomenta a desjudicializa\u00e7\u00e3o e aperfei\u00e7oa as medidas de solu\u00e7\u00e3o autocompositiva de conflitos, no \u00e2mbito das serventias extrajudiciais. Na abertura da solenidade, o presidente do Judici\u00e1rio baiano, desembargador Nilson Soares Castelo Branco, lembrou a \u201cmiss\u00e3o institucional\u201d que tem se \u201ctornado cada vez mais especializada\u201d ao longo dos \u00faltimos anos.&nbsp;&nbsp;<\/p>\n\n\n\n<p>\u201cNesse cen\u00e1rio, o Projeto Concilia\u00e7\u00e3o no Extrajudicial tem direta rela\u00e7\u00e3o com a segunda diretriz estrat\u00e9gica das Corregedorias para o ano de 2023, cujo conte\u00fado \u00e9 desenvolver protocolos institucionais entre os Tribunais e as serventias extrajudiciais, com o objetivo de otimizar e documentar as medidas de desjudicializa\u00e7\u00e3o e desburocratiza\u00e7\u00e3o, inserindo nesse contexto pr\u00e1ticas concernentes aos meios consensuais de solu\u00e7\u00e3o de conflitos\u201d, disse.&nbsp;&nbsp;<\/p>\n\n\n\n<figure class=\"wp-block-image\"><img decoding=\"async\" src=\"https:\/\/www.bahianoticias.com.br\/fotos\/justica_noticias\/68280\/mg\/image%20(68).png\" alt=\"\"\/><\/figure>\n\n\n\n<p>Cinco unidades j\u00e1 est\u00e3o selecionadas para participarem do projeto-piloto, com in\u00edcio previsto para este m\u00eas: Registro de Im\u00f3veis de S\u00e3o Gon\u00e7alo; Tabelionato de Notas de Capim Grosso; Registro de Im\u00f3veis de Entre Rios; Tabelionato de Notas de Morro do Chap\u00e9u; e Registro Civil de Catu. \u201cPrecisamos buscar a desjudicializa\u00e7\u00e3o. A solu\u00e7\u00e3o de conflitos por meio da media\u00e7\u00e3o e da concilia\u00e7\u00e3o \u00e9 um caminho sem volta\u201d, disse o corregedor Jatahy J\u00fanior.&nbsp;&nbsp;<\/p>\n\n\n\n<p>J\u00e1 o deputado federal Z\u00e9 Neto (PT), integrante da Frente Parlamentar da Justi\u00e7a Notarial e Registral, ressaltou a necessidade de praticar o di\u00e1logo e de formar pol\u00edticas que possam \u201cfortalecer a democracia\u201d, modernizando cart\u00f3rios para dar \u201csaltos qualitativos\u201d.&nbsp;<\/p>\n\n\n\n<p>O presidente do N\u00facleo Permanente de M\u00e9todos Consensuais de Solu\u00e7\u00e3o de Conflitos (Nupemec), desembargador Jo\u00e3o Augusto Pinto, reiterou o sucesso da concilia\u00e7\u00e3o, a partir dos n\u00fameros do Nupemec. \u201cEstamos satisfeitos com os resultados obtidos at\u00e9 ent\u00e3o\u201d, afirmou.&nbsp;&nbsp;<\/p>\n\n\n\n<p>Ao longo da manh\u00e3, apresentaram palestras o psicopedagogo Luiz Fernando Nascimento; o juiz Moacir Reis Filho, coordenador do Nupemec; e a advogada Emanuela Lapa. No \u00faltimo painel, foram apresentadas as a\u00e7\u00f5es implementadas e as perspectivas na execu\u00e7\u00e3o da concilia\u00e7\u00e3o no extrajudicial com os delegat\u00e1rios Adenilton Valadares e Marcos Gaia, bem como as delegat\u00e1rias Nadja Silva, Renata Rocha e Ada Santos.&nbsp;&nbsp;<\/p>\n\n\n\n<p>\u201c\u00c9 um importante projeto para viabilizar essa justi\u00e7a multiportas, para a facilidade do cidad\u00e3o de ter acesso \u00e0 aten\u00e7\u00e3o do Judici\u00e1rio atrav\u00e9s do cart\u00f3rio extrajudicial em busca da solu\u00e7\u00e3o de conflitos por meio da media\u00e7\u00e3o e da concilia\u00e7\u00e3o\u201d, disse a ju\u00edza Isabella Lago, coordenadora do projeto.&nbsp;&nbsp;<\/p>\n\n\n\n<figure class=\"wp-block-image\"><img decoding=\"async\" src=\"https:\/\/www.bahianoticias.com.br\/fotos\/justica_noticias\/68280\/mg\/02-10-2023%20-%20Concilia%C3%A7%C3%A3o%20no%20Extrajudicial-6.jpg\" alt=\"\"\/><\/figure>\n\n\n\n<figure class=\"wp-block-image\"><img decoding=\"async\" src=\"https:\/\/www.bahianoticias.com.br\/fotos\/justica_noticias\/68280\/mg\/02-10-2023%20-%20Concilia%C3%A7%C3%A3o%20no%20Extrajudicial-88.jpg\" alt=\"\"\/><\/figure>\n\n\n\n<p>A mesa de abertura do encontro foi composta pelo presidente do Judici\u00e1rio baiano, desembargador Nilson Soares Castelo Branco; pelo corregedor das Comarcas do Interior, desembargador Jatahy J\u00fanior; pelo presidente do Nupemec, desembargador Jo\u00e3o Augusto Pinto; pelo deputado Federal Z\u00e9 Neto, integrante da Frente Parlamentar da Justi\u00e7a Notarial e Registral; pela promotora de Justi\u00e7a Karinny Oliveira, coordenadora do N\u00facleo Permanente de Incentivo \u00e0 Autocomposi\u00e7\u00e3o no \u00e2mbito do Minist\u00e9rio P\u00fablico do Estado da Bahia (Nupia); por Emanuela Lapa, presidente da Comiss\u00e3o Especial de Apoio \u00e0 Advocacia junto aos Cart\u00f3rios Extrajudiciais da OAB-BA, representando a presidente da OAB-BA, Daniela Borges; por Karoline Cabral, presidente da Associa\u00e7\u00e3o de Registradores de Im\u00f3veis da Bahia (Ariba); por Carlos Magno Souza, presidente da Associa\u00e7\u00e3o dos Registradores Civis das Pessoas Naturais do Estado da Bahia (Arpen-BA); e por Ot\u00e1vio Queiroz, presidente da Associa\u00e7\u00e3o dos Not\u00e1rios Registradores do Estado da Bahia (Anoreg-BA).\u00a0<\/p>\n\n\n\n<p>Fonte: Bahia Not\u00edcias <\/p>\n","protected":false},"excerpt":{"rendered":"<p>Foto: TJ-BA O debate sobre investimentos em m\u00e9todos consensuais de solu\u00e7\u00e3o de conflitos marcou o lan\u00e7amento do Projeto Concilia\u00e7\u00e3o no Extrajudicial, realizado nesta segunda-feira (2), no audit\u00f3rio do Tribunal de Justi\u00e7a da Bahia (TJ-BA). Promovido pela Corregedoria das Comarcas do Interior (CCI), o evento reuniu delegat\u00e1rios dos cart\u00f3rios de Registro Civil, de Registro de Im\u00f3veis [&hellip;]<\/p>\n","protected":false},"author":2,"featured_media":4678,"comment_status":"open","ping_status":"open","sticky":false,"template":"","format":"standard","meta":{"footnotes":""},"categories":[85],"tags":[],"class_list":["post-4677","post","type-post","status-publish","format-standard","has-post-thumbnail","hentry","category-noticias"],"_links":{"self":[{"href":"https:\/\/suburbionoar.com.br\/index.php\/wp-json\/wp\/v2\/posts\/4677","targetHints":{"allow":["GET"]}}],"collection":[{"href":"https:\/\/suburbionoar.com.br\/index.php\/wp-json\/wp\/v2\/posts"}],"about":[{"href":"https:\/\/suburbionoar.com.br\/index.php\/wp-json\/wp\/v2\/types\/post"}],"author":[{"embeddable":true,"href":"https:\/\/suburbionoar.com.br\/index.php\/wp-json\/wp\/v2\/users\/2"}],"replies":[{"embeddable":true,"href":"https:\/\/suburbionoar.com.br\/index.php\/wp-json\/wp\/v2\/comments?post=4677"}],"version-history":[{"count":1,"href":"https:\/\/suburbionoar.com.br\/index.php\/wp-json\/wp\/v2\/posts\/4677\/revisions"}],"predecessor-version":[{"id":4679,"href":"https:\/\/suburbionoar.com.br\/index.php\/wp-json\/wp\/v2\/posts\/4677\/revisions\/4679"}],"wp:featuredmedia":[{"embeddable":true,"href":"https:\/\/suburbionoar.com.br\/index.php\/wp-json\/wp\/v2\/media\/4678"}],"wp:attachment":[{"href":"https:\/\/suburbionoar.com.br\/index.php\/wp-json\/wp\/v2\/media?parent=4677"}],"wp:term":[{"taxonomy":"category","embeddable":true,"href":"https:\/\/suburbionoar.com.br\/index.php\/wp-json\/wp\/v2\/categories?post=4677"},{"taxonomy":"post_tag","embeddable":true,"href":"https:\/\/suburbionoar.com.br\/index.php\/wp-json\/wp\/v2\/tags?post=4677"}],"curies":[{"name":"wp","href":"https:\/\/api.w.org\/{rel}","templated":true}]}}