{"id":4674,"date":"2023-10-03T13:59:19","date_gmt":"2023-10-03T16:59:19","guid":{"rendered":"https:\/\/suburbionoar.com.br\/?p=4674"},"modified":"2023-10-03T13:59:21","modified_gmt":"2023-10-03T16:59:21","slug":"neto-admite-erros-na-campanha-mas-evita-antecipar-debate-sobre-2026","status":"publish","type":"post","link":"https:\/\/suburbionoar.com.br\/index.php\/2023\/10\/03\/neto-admite-erros-na-campanha-mas-evita-antecipar-debate-sobre-2026\/","title":{"rendered":"Neto admite erros na campanha, mas evita antecipar debate sobre 2026"},"content":{"rendered":"\n<p>Em entrevista exclusiva concedida \u00e0\u00a0Tribuna da Bahia, o presidente da Funda\u00e7\u00e3o \u00cdndigo, ACM Neto (Uni\u00e3o Brasil), tra\u00e7ou perspectivas e aprendizados consider\u00e1veis, caso decida concorrer novamente ao governo do Estado em 2026. Ele abordou poss\u00edveis ajustes em sua estrat\u00e9gia, destacando a import\u00e2ncia de escolhas mais ponderadas, concentrando for\u00e7as pol\u00edticas e antecipando decis\u00f5es cruciais.\u00a0\u00a0<\/p>\n\n\n\n<p>O&nbsp;ex-prefeito&nbsp;expressou abertamente sua autocr\u00edtica em rela\u00e7\u00e3o \u00e0 elei\u00e7\u00e3o de 2022, mencionando que, em um cen\u00e1rio hipot\u00e9tico, faria algumas coisas diferentes. Uma das principais mudan\u00e7as seria a concentra\u00e7\u00e3o em um n\u00famero menor de partidos, evitando dispersar esfor\u00e7os e recursos com uma quantidade excessiva de candidatos a deputados. Al\u00e9m disso, ele reconheceu que a estrat\u00e9gia de abra\u00e7ar 417 munic\u00edpios teve seus desafios, sugerindo uma concentra\u00e7\u00e3o de esfor\u00e7os em cidades onde sua for\u00e7a pol\u00edtica era mais evidente, especialmente nas grandes e m\u00e9dias.&nbsp;<\/p>\n\n\n\n<p><strong>Tribuna: O senhor estava com uma elei\u00e7\u00e3o ganha no ano passado. O que deu errado?&nbsp;<\/strong><\/p>\n\n\n\n<p><strong>ACM Neto<\/strong>:&nbsp;Primeiro, n\u00e3o h\u00e1 elei\u00e7\u00e3o ganha. Era uma elei\u00e7\u00e3o que a gente despontava com um bom favoritismo, especialmente pelos n\u00fameros das pesquisas. A gente come\u00e7ou um trabalho cedo rodando a Bahia, discutindo os problemas do estado, fizemos um plano de governo muito consistente. Eu tinha a consci\u00eancia das dificuldades que n\u00f3s ir\u00edamos enfrentar at\u00e9 o fim da campanha, em especial, o fato de que a Bahia tem hist\u00f3rico de uma elei\u00e7\u00e3o nacionalizada, uma influ\u00eancia muito grande da elei\u00e7\u00e3o presidencial na elei\u00e7\u00e3o de governador, o que acabou acontecendo. Uma parte do eleitorado n\u00e3o votou propriamente em Jer\u00f4nimo, votou no 13, votou no n\u00famero que era tamb\u00e9m o n\u00famero de Lula, que acabou tendo aqui 73% dos votos no estado. Do outro lado, tem um fator que foi muito importante, que foi a m\u00e1quina do governo do Estado. O governo do Estado com toda a sua estrutura, com muito recurso, conseguiu segurar uma quantidade muito grande de prefeitos, de ex-prefeitos, e essa m\u00e1quina acabou tendo um peso decisivo, ent\u00e3o eu diria que os dois principais fatores que contribu\u00edram para a vit\u00f3ria do meu advers\u00e1rio foram esses. Ou seja, a influ\u00eancia nacional, o 13, o peso do Lula na Bahia e a m\u00e1quina do governo do Estado, que foi utilizada como nunca antes na hist\u00f3ria do nosso estado, a servi\u00e7o de uma candidatura, no caso, da&nbsp;candidatura&nbsp;de Jer\u00f4nimo.&nbsp;<\/p>\n\n\n\n<p><strong>Tribuna: Comenta-se em Bras\u00edlia que o presidente Lula na atual gest\u00e3o abriu m\u00e3o dos palpiteiros, chamados de grilos falantes. O senhor acha que em 2022 faltou ou sobrou grilos falantes ao seu lado?&nbsp;<\/strong><\/p>\n\n\n\n<p><strong>ACM Neto<\/strong>:&nbsp;Veja, \u00e9 interessante, porque, quando algu\u00e9m ganha uma elei\u00e7\u00e3o, normalmente tem v\u00e1rios pais para a crian\u00e7a, e a\u00ed dizem que a derrota \u00e9 \u00f3rf\u00e3, todo mundo quer tirar o bra\u00e7o da seringa. No meu caso, eu prefiro assumir toda a responsabilidade do resultado da elei\u00e7\u00e3o, at\u00e9 porque, depois de tantos anos na vida p\u00fablica, eu j\u00e1 estou acostumado a saber quem devo e quem n\u00e3o devo ouvir, que tipo de sugest\u00e3o \u00e9 adequada e qual n\u00e3o \u00e9 adequada. Ent\u00e3o eu n\u00e3o posso transferir para ningu\u00e9m a responsabilidade do resultado, ela \u00e9 principalmente minha em fun\u00e7\u00e3o de fatores, a meu ver, que, infelizmente, n\u00e3o estavam em meu alcance, na minha capacidade de manipula\u00e7\u00e3o. Tudo o que eu pude fazer e que estava ao meu alcance, eu fiz.<\/p>\n\n\n\n<p><strong>Tribuna: O senhor teve uma atitude elogi\u00e1vel abrindo m\u00e3o de concorrer \u00e0 Prefeitura no ano que vem em prol de Bruno Reis. Foi uma decis\u00e3o estudada ou dolorosa para o senhor?&nbsp;&nbsp;<\/strong><\/p>\n\n\n\n<p><strong>ACM Neto<\/strong>:&nbsp;N\u00e3o. Eu nunca tive nenhuma d\u00favida que Bruno tem que ser candidato nosso no pr\u00f3ximo ano. Na verdade, eu disse isso a ele logo no dia seguinte da derrota de 2022. N\u00f3s conversamos e eu disse: \u2018Olha, nosso projeto agora \u00e9 voc\u00ea se reeleger prefeito de Salvador, o nosso foco total vai ser em te dar todo suporte para a sua reelei\u00e7\u00e3o\u2019. Ent\u00e3o nunca passou pela minha cabe\u00e7a a hip\u00f3tese de ser candidato no pr\u00f3ximo ano. Primeiro porque Bruno vem sendo um grande prefeito, fazendo um belo trabalho, e tem todo direito de ter mais quatro anos. E depois porque eu j\u00e1 cumpri essa tarefa. Eu sou muito grato a Deus e ao povo de Salvador por ter tido a oportunidade ao longo de oito anos de governar a nossa capital. Acho que fiz&nbsp;da melhor forma que pude. Sa\u00ed com mais de 80% de aprova\u00e7\u00e3o, ent\u00e3o essa etapa na minha vida eu j\u00e1 vivi, e n\u00e3o houve, portanto, nenhuma d\u00favida de que n\u00e3o seria uma hip\u00f3tese, e n\u00e3o \u00e9 uma hip\u00f3tese, disputar a Prefeitura no ano que vem.&nbsp;<\/p>\n\n\n\n<p><strong>Tribuna:&nbsp;Com&nbsp;toda humildade, no que a \u201ccriatura\u201d o surpreendeu sendo voc\u00ea o criador?&nbsp;<\/strong><\/p>\n\n\n\n<p><strong>ACM Neto<\/strong>:&nbsp;Primeiro, eu n\u00e3o posso dizer que propriamente me surpreendeu, porque eu esperava, tanto que ele fosse um grande prefeito, eu sabia que ele estava preparado para ser prefeito, conhecia profundamente a cidade, conhecia toda a gest\u00e3o, participou comigo dos oito anos da minha gest\u00e3o, ent\u00e3o se preparou, se qualificou para ser prefeito. E do outro lado, tamb\u00e9m sabia da lealdade, da corre\u00e7\u00e3o e do car\u00e1ter de Bruno, ent\u00e3o eu n\u00e3o posso dizer que me surpreendi. Agora, \u00e9 bom destacar, h\u00e1 uma velha m\u00e1xima, um velho ensinamento na pol\u00edtica, que diz: \u2018Quer conhecer o homem, d\u00ea poder a ele. Quer conhecer o homem, d\u00ea a caneta a ele\u2019. Ent\u00e3o, Bruno, com a postura que teve comigo, principalmente no ano passado e ao longo de toda a vida, confirmou o sentimento que eu tinha, mas que para muitos \u00e9 uma surpresa, porque muitos est\u00e3o acostumados a ver a deslealdade, a trai\u00e7\u00e3o, o puxar de tapete, e ele comigo, gra\u00e7as a Deus, sempre foi 100% correto.&nbsp;<\/p>\n\n\n\n<p><strong>Tribuna: Se o senhor pudesse elencar duas a\u00e7\u00f5es que o prefeito Bruno Reis deveria ainda tentar completar ou pelo menos dar in\u00edcio nesse final de primeiro mandato, o que o senhor sugeriria a ele em termos de Salvador?&nbsp;<\/strong><\/p>\n\n\n\n<p><strong>ACM Neto<\/strong>:&nbsp;Tem uma que ele j\u00e1 colocou como meta dele, que eu acho que \u00e9&nbsp;super importante, que \u00e9 a implanta\u00e7\u00e3o da maternidade em Salvador. Pelo que sei, j\u00e1 est\u00e1 com o projeto em curso, e se n\u00e3o concluir pelo menos vai ter esse equipamento muito bem adiantado no pr\u00f3ximo ano, porque se voc\u00ea observar, na sa\u00fade, n\u00f3s avan\u00e7amos, na minha gest\u00e3o, muito na amplia\u00e7\u00e3o da aten\u00e7\u00e3o b\u00e1sica, nos servi\u00e7os de urg\u00eancia e emerg\u00eancia. Constru\u00edmos o primeiro hospital municipal, e de fato a Prefeitura tinha essa tarefa, esse desafio a cumprir, em rela\u00e7\u00e3o a ter uma maternidade municipal, que ele elencou como prioridade, e que vai certamente realizar. Ent\u00e3o esse \u00e9 um ponto. O outro ponto, eu sei que o prefeito est\u00e1 a\u00ed muito focado em gerar uma din\u00e2mica econ\u00f4mica para a cidade, vejo a\u00ed o trabalho dos secret\u00e1rios dele na \u00e1rea econ\u00f4mica, e acho que anunciar novos empreendimentos, atra\u00e7\u00e3o de investimentos privados, que \u00e9 algo que ele est\u00e1 fazendo todo esfor\u00e7o para viabilizar, acho que vai ser a\u00ed tamb\u00e9m, \u00e9 uma expectativa minha, e acho que pode ser uma das boas novidades para o pr\u00f3ximo ano.&nbsp;<\/p>\n\n\n\n<p><strong>Tribuna: O senhor vem batendo muito na quest\u00e3o da Seguran\u00e7a P\u00fablica na Bahia. E, na internet, muita gente diz que na \u00e9poca de ACM, seu av\u00f4, bandido n\u00e3o se criava. Hoje, na Bahia, a gente est\u00e1 vendo a pol\u00edcia baiana com altos \u00edndices de matan\u00e7a. Qual pol\u00edtica o senhor defende no enfrentamento ao bandido?&nbsp;<\/strong><\/p>\n\n\n\n<p><strong>ACM Neto<\/strong>:&nbsp;Tem que ter. Veja, sou de uma opini\u00e3o muito clara, acho que quando voc\u00ea tem a presen\u00e7a do poder p\u00fablico, quando voc\u00ea tem a presen\u00e7a das autoridades de seguran\u00e7a p\u00fablica, quando voc\u00ea tem um governo forte, bandido n\u00e3o se cria. E n\u00e3o pode se criar mesmo. Ent\u00e3o eu n\u00e3o tenho d\u00favidas em rela\u00e7\u00e3o a isso, agora, a equa\u00e7\u00e3o de hoje mostra uma pol\u00edtica de seguran\u00e7a falida. Falida. Voc\u00ea citou a\u00ed os n\u00fameros de mortes em conflitos com a pol\u00edcia, e, do outro lado, a Bahia \u00e9 o estado que tem o maior n\u00famero de assassinatos de pessoas em geral do Brasil, ent\u00e3o, assim, est\u00e1 tudo errado. De quem \u00e9 a responsabilidade disso? \u00c9 da pol\u00edcia? N\u00e3o. N\u00e3o \u00e9 da pol\u00edcia. A responsabilidade disso \u00e9 do governo do Estado, \u00e9 da falta de pol\u00edtica do governo do Estado. Ent\u00e3o, por que voc\u00ea vai para o estado de Goi\u00e1s e l\u00e1 os \u00edndices ca\u00edram todos? Porque l\u00e1 tem um governo forte, que prende bandido, que quando prende o bandido, o bandido vai para a cadeia, e a cadeia \u00e9 local de cumprimento de pena, n\u00e3o de cometimento de crime, que \u00e9 o caso do nosso estado. O estado de Goi\u00e1s faz toda a cadeia do dinheiro e vai cortar a cabe\u00e7a das fac\u00e7\u00f5es criminosas, porque n\u00e3o adianta voc\u00ea prender o bandido que est\u00e1 ali na ponta, traficando, se voc\u00ea n\u00e3o vai para a cabe\u00e7a. Isso tudo demanda um trabalho de intelig\u00eancia, demanda um trabalho de rastreamento do dinheiro, demanda um trabalho que envolve tecnologia. Ent\u00e3o, assim, h\u00e1 solu\u00e7\u00e3o e h\u00e1 caminho. Para mim, n\u00e3o h\u00e1 d\u00favida de que onde h\u00e1 governo forte, onde h\u00e1 governador forte, o bandido n\u00e3o se cria e n\u00e3o pode se criar.&nbsp;&nbsp;<\/p>\n\n\n\n<p><strong>Tribuna: O senhor n\u00e3o demonstra fixa\u00e7\u00e3o em rela\u00e7\u00e3o a 2026, mas naturalmente dever\u00e1 ser candidato. E tendo pela frente o governador Jer\u00f4nimo Rodrigues e, provavelmente, o presidente Lula esperando um novo mandato. \u00c9 poss\u00edvel encarar essas duas figuras?&nbsp;<\/strong><\/p>\n\n\n\n<p><strong>ACM Neto<\/strong>:&nbsp;Ainda n\u00e3o \u00e9 poss\u00edvel conjecturar qual vai ser o cen\u00e1rio, de como vai estar o Jer\u00f4nimo, como vai estar o Lula, como eu estarei, enfim, tudo est\u00e1 muito distante ainda para poder especular. Vontade para ser governador, eu tenho vontade. Nunca escondi isso. Me preparei a vida inteira para ser governador da Bahia, se um dia essa for a vontade da popula\u00e7\u00e3o, mas \u00e9 claro que n\u00e3o vou viver em fun\u00e7\u00e3o disso, ent\u00e3o eu tenho tocado outros projetos em minha vida, tanto na pol\u00edtica como fora dela, pretendo ter em 2026 a possibilidade de escolher o meu destino. Claro, sou uma pessoa de grupo e vou estar inserido dentro do contexto de necessidade de grupo, mas pretendo poder escolher o meu destino e tudo vai depender do contexto, vai depender de como as coisas v\u00e3o se dar at\u00e9 l\u00e1. Acho que a pol\u00edtica brasileira vai mudar de configura\u00e7\u00e3o, porque com a decis\u00e3o do Tribunal Eleitoral de considerar Bolsonaro ineleg\u00edvel, isso abre espa\u00e7o para um outro desenho no campo de centro-direita e da direita, qual vai ser esse desenho? N\u00f3s n\u00e3o sabemos ainda. Ent\u00e3o isso tudo vai interferir, h\u00e1 a possibilidade de ter um palanque nacional forte, a possibilidade de estar conectado em um contexto nacional de mudan\u00e7a, tudo isso vai contribuir e s\u00e3o vari\u00e1veis ainda muito incertas que, a meu ver, s\u00f3 v\u00e3o come\u00e7ar a se clarear da metade de 2025 em diante. At\u00e9 l\u00e1, \u00e9 dif\u00edcil, acho que temos mais dois anos pela frente, que preciso ter cautela para ver como o cen\u00e1rio vai ficar.&nbsp;<\/p>\n\n\n\n<p><strong>Tribuna: O que o senhor faria de diferente da \u00faltima campanha? Vemos que seus aliados falam que o PT era muito forte e utilizou muito a marca do \u201c13\u201d.&nbsp;<\/strong><\/p>\n\n\n\n<p><strong>ACM Neto<\/strong>:&nbsp;Faria algumas coisas diferentes, claro que sim. N\u00e3o teria trabalhado para contar com 13 partidos, teria concentrado em uma quantidade menor de partidos para concentrar a quantidade de candidatos a deputados, a gente acabou tendo muitos candidatos, isso dispersou. Alguns candidatos n\u00e3o trabalharam com a majorit\u00e1ria, n\u00e3o deram o resultado que n\u00f3s esper\u00e1vamos, ent\u00e3o esse \u00e9 um ponto. O outro ponto, eu talvez n\u00e3o tivesse tentado abra\u00e7ar 417 munic\u00edpios como fiz, a gente chegou a mais de 500 viagens, contando que em alguns lugares n\u00f3s fomos sete ou oito vezes, e na minha cabe\u00e7a tinha a necessidade de ter um palanque organizado em cada cidade da Bahia. Acho que talvez o caminho n\u00e3o fosse esse repensando agora, talvez fosse concentrar onde n\u00f3s t\u00ednhamos for\u00e7a pol\u00edtica e nas grandes e m\u00e9dias cidades, ent\u00e3o nas pequenas cidades onde a gente tinha grupo pol\u00edtico forte, nas pequenas e m\u00e9dias cidades que a gente teve um desempenho em geral muito superior do que nas menores. Em rela\u00e7\u00e3o ao momento de escolha do vice, talvez eu tivesse antecipado. O problema n\u00e3o foi a Ana. Talvez o momento. Eu n\u00e3o falo do perfil. Eu falo do momento da escolha. Talvez se eu fosse novamente construir esse caminho, eu teria feito uma escolha antecipada. N\u00e3o teria deixado para cima da hora. Ent\u00e3o s\u00e3o alguns aprendizados que ficam, mas s\u00e3o coisas que a gente vai ter a oportunidade ou n\u00e3o de algum dia reavaliar.&nbsp;&nbsp;<\/p>\n\n\n\n<p><strong>Tribuna: O senhor tem uma orat\u00f3ria muito boa. O senhor sempre soube lidar bem com a imprensa em seus dois mandatos como prefeito, mas, durante a campanha, a gente viu que o senhor se recolheu e n\u00e3o participou dos debates no primeiro turno, participou apenas no segundo turno. Isso tamb\u00e9m n\u00e3o teria impactado em sua campanha?&nbsp;&nbsp;<\/strong><\/p>\n\n\n\n<p><strong>ACM Neto<\/strong>:&nbsp;Eu n\u00e3o fui a um debate no primeiro turno, s\u00f3 para lembrar. Assim, na verdade, s\u00f3 para resgatarmos a mem\u00f3ria, a gente n\u00e3o pode ir naquele debate da Bandeirantes, mas depois eu passei o primeiro turno todo pedindo que ele marcasse o dia e o hor\u00e1rio, definisse o local, que eu debateria com ele, t\u00eate-\u00e0-t\u00eate, e ele fugiu. E no segundo turno ele n\u00e3o foi a nenhum dos debates. Ent\u00e3o, assim, eu acho que o modelo, o formato de campanha no Brasil, ele n\u00e3o favorece esse enfrentamento mais franco dos candidatos, isso era uma coisa que tinha que ser repensado. O pr\u00f3prio modelo dos debates n\u00e3o favorece a isso, mas eu sempre fui uma pessoa muito acess\u00edvel para a imprensa, ao contr\u00e1rio, fiz uma campanha com transmiss\u00e3o ao vivo de praticamente todos os eventos que eu fazia, com intera\u00e7\u00e3o direta com as redes sociais muito forte. E a\u00ed eu enfrentei um sistema, nunca pode esquecer por exemplo o que o TRE fez comigo, me tirando 40% do tempo de televis\u00e3o no primeiro turno, isso trouxe um preju\u00edzo enorme, isso foi uma das coisas que contribu\u00edram para o resultado no primeiro turno, mas s\u00e3o coisas que j\u00e1 foram vividas, e que a gente n\u00e3o tem por que ficar preso ao passado e nem remoendo esse tipo de situa\u00e7\u00e3o.&nbsp;&nbsp;<\/p>\n\n\n\n<p><strong>Tribuna: O Uni\u00e3o Brasil tem tr\u00eas minist\u00e9rios no governo Lula, mas afinal, o partido \u00e9 governo ou oposi\u00e7\u00e3o?&nbsp;<\/strong><\/p>\n\n\n\n<p><strong>ACM Neto<\/strong>:&nbsp;Olha, eu n\u00e3o posso dizer que o Uni\u00e3o Brasil enquanto partido, a bancada da C\u00e2mara participa de dois minist\u00e9rios e a bancada do Senado participa de um minist\u00e9rio no governo do presidente Lula. N\u00f3s n\u00e3o somos governo e n\u00e3o seremos governo. Porque essa discuss\u00e3o passa pelo partido, onde tenho voz e voto, e a minha posi\u00e7\u00e3o \u00e9 muito clara, de n\u00e3o defender e n\u00e3o contribuir para que o partido se torne base do governo. Est\u00e1 descartado. Isso n\u00e3o ir\u00e1 acontecer. Mas n\u00f3s damos liberdade para que os deputados e senadores tocarem a sua vida na C\u00e2mara e no Senado.&nbsp;<\/p>\n\n\n\n<p><strong>Tribuna: O que \u00e9 que vai ser o projeto da Funda\u00e7\u00e3o \u00cdndigo? Qual ser\u00e1 o seu objetivo?&nbsp;&nbsp;<\/strong><\/p>\n\n\n\n<p><strong>ACM Neto<\/strong>:\u00a0A funda\u00e7\u00e3o est\u00e1 em fase de estrutura\u00e7\u00e3o, at\u00e9 o final do ano n\u00f3s vamos apresentar os projetos dela, o principal objetivo da funda\u00e7\u00e3o \u00e9 ser o bra\u00e7o de reflexo dos maiores temas da pol\u00edtica nacional, olhando a realidade do presente, mas, sobretudo, projetando o futuro, com a vis\u00e3o aspiracional. A funda\u00e7\u00e3o vai ter \u2013 e talvez esse seja o maior projeto que eu pretendo tocar \u2013 uma escola se forma\u00e7\u00e3o de jovens l\u00edderes para descobrir talentos e voca\u00e7\u00f5es em todo Brasil, e abrir espa\u00e7o para que essas pessoas possam ter uma oportunidade na pol\u00edtica e na vida p\u00fablica. A funda\u00e7\u00e3o vai procurar qualificar os quadros que j\u00e1 est\u00e3o na pol\u00edtica. O trabalho ser\u00e1 buscar os que n\u00e3o est\u00e3o na pol\u00edtica, outro trabalho \u00e9 qualificar os que j\u00e1 est\u00e3o na pol\u00edtica, principalmente olhando para 2024, preparando candidatos a prefeito, ajudando a elaborar planos de governo, estrat\u00e9gias de comunica\u00e7\u00e3o, de mobiliza\u00e7\u00e3o eleitoral, e, tudo isso com um olhar nacional e com uma compreens\u00e3o da diversidade do Brasil e que a funda\u00e7\u00e3o tem um papel\u00a0super importante\u00a0de dar vida a a\u00e7\u00e3o partid\u00e1ria do Uni\u00e3o Brasil.<\/p>\n\n\n\n<p>Fonte: TRBN<\/p>\n","protected":false},"excerpt":{"rendered":"<p>Em entrevista exclusiva concedida \u00e0\u00a0Tribuna da Bahia, o presidente da Funda\u00e7\u00e3o \u00cdndigo, ACM Neto (Uni\u00e3o Brasil), tra\u00e7ou perspectivas e aprendizados consider\u00e1veis, caso decida concorrer novamente ao governo do Estado em 2026. Ele abordou poss\u00edveis ajustes em sua estrat\u00e9gia, destacando a import\u00e2ncia de escolhas mais ponderadas, concentrando for\u00e7as pol\u00edticas e antecipando decis\u00f5es cruciais.\u00a0\u00a0 O&nbsp;ex-prefeito&nbsp;expressou abertamente sua [&hellip;]<\/p>\n","protected":false},"author":2,"featured_media":4675,"comment_status":"open","ping_status":"open","sticky":false,"template":"","format":"standard","meta":{"footnotes":""},"categories":[91],"tags":[],"class_list":["post-4674","post","type-post","status-publish","format-standard","has-post-thumbnail","hentry","category-politica"],"_links":{"self":[{"href":"https:\/\/suburbionoar.com.br\/index.php\/wp-json\/wp\/v2\/posts\/4674","targetHints":{"allow":["GET"]}}],"collection":[{"href":"https:\/\/suburbionoar.com.br\/index.php\/wp-json\/wp\/v2\/posts"}],"about":[{"href":"https:\/\/suburbionoar.com.br\/index.php\/wp-json\/wp\/v2\/types\/post"}],"author":[{"embeddable":true,"href":"https:\/\/suburbionoar.com.br\/index.php\/wp-json\/wp\/v2\/users\/2"}],"replies":[{"embeddable":true,"href":"https:\/\/suburbionoar.com.br\/index.php\/wp-json\/wp\/v2\/comments?post=4674"}],"version-history":[{"count":1,"href":"https:\/\/suburbionoar.com.br\/index.php\/wp-json\/wp\/v2\/posts\/4674\/revisions"}],"predecessor-version":[{"id":4676,"href":"https:\/\/suburbionoar.com.br\/index.php\/wp-json\/wp\/v2\/posts\/4674\/revisions\/4676"}],"wp:featuredmedia":[{"embeddable":true,"href":"https:\/\/suburbionoar.com.br\/index.php\/wp-json\/wp\/v2\/media\/4675"}],"wp:attachment":[{"href":"https:\/\/suburbionoar.com.br\/index.php\/wp-json\/wp\/v2\/media?parent=4674"}],"wp:term":[{"taxonomy":"category","embeddable":true,"href":"https:\/\/suburbionoar.com.br\/index.php\/wp-json\/wp\/v2\/categories?post=4674"},{"taxonomy":"post_tag","embeddable":true,"href":"https:\/\/suburbionoar.com.br\/index.php\/wp-json\/wp\/v2\/tags?post=4674"}],"curies":[{"name":"wp","href":"https:\/\/api.w.org\/{rel}","templated":true}]}}