{"id":4668,"date":"2023-10-03T11:20:59","date_gmt":"2023-10-03T14:20:59","guid":{"rendered":"https:\/\/suburbionoar.com.br\/?p=4668"},"modified":"2023-10-03T11:21:01","modified_gmt":"2023-10-03T14:21:01","slug":"corpo-de-fisioterapeuta-com-pes-e-maos-amarrados-e-arremessado-para-fora-de-carro-em-acidente","status":"publish","type":"post","link":"https:\/\/suburbionoar.com.br\/index.php\/2023\/10\/03\/corpo-de-fisioterapeuta-com-pes-e-maos-amarrados-e-arremessado-para-fora-de-carro-em-acidente\/","title":{"rendered":"Corpo de fisioterapeuta com p\u00e9s e m\u00e3os amarrados \u00e9 arremessado para fora de carro em acidente"},"content":{"rendered":"\n<p>Um acidente, na BR-060, em Rio Verde, ocorrido no sudoeste do estado de Goi\u00e1s, teve algumas consequ\u00eancias de proced\u00eancia duvidosa. Entre eles,\u00a0um corpo foi encontrado, nesta segunda-feira (2), com m\u00e3os e p\u00e9s amarrados, dentro de um carro ap\u00f3s o capotamento.<\/p>\n\n\n\n<p>Identificada pelo Instituto M\u00e9dico Legal (IML) como Larissa Ara\u00fajo, a v\u00edtima era fisioterapeuta de 25 anos de idade. O momento em que o carro capotou foi registrado por imagens de uma c\u00e2mera de seguran\u00e7a que pode ajudar na investiga\u00e7\u00e3o. No mesmo dia, o suspeito fugiu do local.<\/p>\n\n\n\n<p>Com isso, a Pol\u00edcia Militar (PM) foi acionada para atender a ocorr\u00eancia ao lado da Pol\u00edcia Rodovi\u00e1ria Federal (PRF). O motorista do carro correu pela estrada ap\u00f3s o acidente, por\u00e9m, minutos depois, foi preso pela corpora\u00e7\u00e3o. O corpo estava enrolado em um len\u00e7ol dentro do porta malas e, com o acidente, foi arremessado.<\/p>\n\n\n\n<p>Na parte interna do autom\u00f3vel foram encontrados um botij\u00e3o de g\u00e1s e uma televis\u00e3o. Dessa maneira, o Instituto M\u00e9dico Legal (IML) foi acionado para fazer a remo\u00e7\u00e3o do corpo.\u00a0A Pol\u00edcia Civil investiga o caso.<\/p>\n\n\n\n<p>Fonte: Bnews <\/p>\n\n\n\n<p><\/p>\n","protected":false},"excerpt":{"rendered":"<p>Um acidente, na BR-060, em Rio Verde, ocorrido no sudoeste do estado de Goi\u00e1s, teve algumas consequ\u00eancias de proced\u00eancia duvidosa. Entre eles,\u00a0um corpo foi encontrado, nesta segunda-feira (2), com m\u00e3os e p\u00e9s amarrados, dentro de um carro ap\u00f3s o capotamento. Identificada pelo Instituto M\u00e9dico Legal (IML) como Larissa Ara\u00fajo, a v\u00edtima era fisioterapeuta de 25 [&hellip;]<\/p>\n","protected":false},"author":2,"featured_media":4669,"comment_status":"open","ping_status":"open","sticky":false,"template":"","format":"standard","meta":{"footnotes":""},"categories":[105],"tags":[],"class_list":["post-4668","post","type-post","status-publish","format-standard","has-post-thumbnail","hentry","category-policia"],"_links":{"self":[{"href":"https:\/\/suburbionoar.com.br\/index.php\/wp-json\/wp\/v2\/posts\/4668","targetHints":{"allow":["GET"]}}],"collection":[{"href":"https:\/\/suburbionoar.com.br\/index.php\/wp-json\/wp\/v2\/posts"}],"about":[{"href":"https:\/\/suburbionoar.com.br\/index.php\/wp-json\/wp\/v2\/types\/post"}],"author":[{"embeddable":true,"href":"https:\/\/suburbionoar.com.br\/index.php\/wp-json\/wp\/v2\/users\/2"}],"replies":[{"embeddable":true,"href":"https:\/\/suburbionoar.com.br\/index.php\/wp-json\/wp\/v2\/comments?post=4668"}],"version-history":[{"count":1,"href":"https:\/\/suburbionoar.com.br\/index.php\/wp-json\/wp\/v2\/posts\/4668\/revisions"}],"predecessor-version":[{"id":4670,"href":"https:\/\/suburbionoar.com.br\/index.php\/wp-json\/wp\/v2\/posts\/4668\/revisions\/4670"}],"wp:featuredmedia":[{"embeddable":true,"href":"https:\/\/suburbionoar.com.br\/index.php\/wp-json\/wp\/v2\/media\/4669"}],"wp:attachment":[{"href":"https:\/\/suburbionoar.com.br\/index.php\/wp-json\/wp\/v2\/media?parent=4668"}],"wp:term":[{"taxonomy":"category","embeddable":true,"href":"https:\/\/suburbionoar.com.br\/index.php\/wp-json\/wp\/v2\/categories?post=4668"},{"taxonomy":"post_tag","embeddable":true,"href":"https:\/\/suburbionoar.com.br\/index.php\/wp-json\/wp\/v2\/tags?post=4668"}],"curies":[{"name":"wp","href":"https:\/\/api.w.org\/{rel}","templated":true}]}}