{"id":4665,"date":"2023-10-03T10:40:09","date_gmt":"2023-10-03T13:40:09","guid":{"rendered":"https:\/\/suburbionoar.com.br\/?p=4665"},"modified":"2023-10-03T10:40:10","modified_gmt":"2023-10-03T13:40:10","slug":"empresario-rechaca-acusacoes-de-grilagem-e-violencia-na-bahia","status":"publish","type":"post","link":"https:\/\/suburbionoar.com.br\/index.php\/2023\/10\/03\/empresario-rechaca-acusacoes-de-grilagem-e-violencia-na-bahia\/","title":{"rendered":"Empres\u00e1rio recha\u00e7a acusa\u00e7\u00f5es de grilagem e viol\u00eancia na Bahia"},"content":{"rendered":"\n<p>Ap\u00f3s acusa\u00e7\u00f5es de que o empres\u00e1rio Nestor Hermes foi autuado em R$ 1 milh\u00e3o pelo Ibama (Instituto Brasileiro do Meio Ambiente) por desmatamento e extra\u00e7\u00e3o de areia ilegal, a assessoria do pol\u00edtico afirmou que&nbsp; as \u201cacusa\u00e7\u00f5es contra Nestor Hermes seguem um padr\u00e3o de narrativa, todas sem provas, que deixam evidente uma a\u00e7\u00e3o orquestrada por seus advers\u00e1rios\u201d.&nbsp;Na \u00faltima sexta-feira (29), ele recebeu o t\u00edtulo de Cidad\u00e3o Baiano pela Assembleia Legislativo da Bahia (AL-BA)<\/p>\n\n\n\n<p>Em nota, ele ainda afirma que nunca utilizou da viol\u00eancia para disputas fundi\u00e1rias. Al\u00e9m disso, ele tamb\u00e9m destaca nunca ter sido condenado pela Justi\u00e7a e tem sido alvo de ataques.&nbsp;<\/p>\n\n\n\n<p>\u201c\u00c9 fato p\u00fablico que Hermes tem sido alvo de ataques de seus advers\u00e1rios, principalmente \u00e0s v\u00e9speras de julgamentos de processos na esfera c\u00edvel em que ele \u00e9 parte. \u00c9 uma estrat\u00e9gia desesperada que tem o intuito de influenciar a opini\u00e3o p\u00fablica, j\u00e1 que a Justi\u00e7a vem, na maioria das vezes, dando raz\u00e3o ao empres\u00e1rio\u201d, diz em nota.<\/p>\n\n\n\n<p>A assessoria de imprensa do empres\u00e1rio tamb\u00e9m diz que Nestor Hermes j\u00e1 cumpriu acordos no \u00e2mbito judicial com senten\u00e7a homologat\u00f3ria com tr\u00e2nsito em julgado sobre as acusa\u00e7\u00f5es de trabalho an\u00e1logo \u00e0 escravid\u00e3o.<\/p>\n\n\n\n<p>Fonte: Metro1 <\/p>\n","protected":false},"excerpt":{"rendered":"<p>Ap\u00f3s acusa\u00e7\u00f5es de que o empres\u00e1rio Nestor Hermes foi autuado em R$ 1 milh\u00e3o pelo Ibama (Instituto Brasileiro do Meio Ambiente) por desmatamento e extra\u00e7\u00e3o de areia ilegal, a assessoria do pol\u00edtico afirmou que&nbsp; as \u201cacusa\u00e7\u00f5es contra Nestor Hermes seguem um padr\u00e3o de narrativa, todas sem provas, que deixam evidente uma a\u00e7\u00e3o orquestrada por seus [&hellip;]<\/p>\n","protected":false},"author":2,"featured_media":4666,"comment_status":"open","ping_status":"open","sticky":false,"template":"","format":"standard","meta":{"footnotes":""},"categories":[85],"tags":[],"class_list":["post-4665","post","type-post","status-publish","format-standard","has-post-thumbnail","hentry","category-noticias"],"_links":{"self":[{"href":"https:\/\/suburbionoar.com.br\/index.php\/wp-json\/wp\/v2\/posts\/4665","targetHints":{"allow":["GET"]}}],"collection":[{"href":"https:\/\/suburbionoar.com.br\/index.php\/wp-json\/wp\/v2\/posts"}],"about":[{"href":"https:\/\/suburbionoar.com.br\/index.php\/wp-json\/wp\/v2\/types\/post"}],"author":[{"embeddable":true,"href":"https:\/\/suburbionoar.com.br\/index.php\/wp-json\/wp\/v2\/users\/2"}],"replies":[{"embeddable":true,"href":"https:\/\/suburbionoar.com.br\/index.php\/wp-json\/wp\/v2\/comments?post=4665"}],"version-history":[{"count":1,"href":"https:\/\/suburbionoar.com.br\/index.php\/wp-json\/wp\/v2\/posts\/4665\/revisions"}],"predecessor-version":[{"id":4667,"href":"https:\/\/suburbionoar.com.br\/index.php\/wp-json\/wp\/v2\/posts\/4665\/revisions\/4667"}],"wp:featuredmedia":[{"embeddable":true,"href":"https:\/\/suburbionoar.com.br\/index.php\/wp-json\/wp\/v2\/media\/4666"}],"wp:attachment":[{"href":"https:\/\/suburbionoar.com.br\/index.php\/wp-json\/wp\/v2\/media?parent=4665"}],"wp:term":[{"taxonomy":"category","embeddable":true,"href":"https:\/\/suburbionoar.com.br\/index.php\/wp-json\/wp\/v2\/categories?post=4665"},{"taxonomy":"post_tag","embeddable":true,"href":"https:\/\/suburbionoar.com.br\/index.php\/wp-json\/wp\/v2\/tags?post=4665"}],"curies":[{"name":"wp","href":"https:\/\/api.w.org\/{rel}","templated":true}]}}