{"id":4662,"date":"2023-10-03T10:33:23","date_gmt":"2023-10-03T13:33:23","guid":{"rendered":"https:\/\/suburbionoar.com.br\/?p=4662"},"modified":"2023-10-03T10:33:25","modified_gmt":"2023-10-03T13:33:25","slug":"motorista-e-flagrado-dirigindo-com-caixa-cheia-de-cerveja-e-cachaca","status":"publish","type":"post","link":"https:\/\/suburbionoar.com.br\/index.php\/2023\/10\/03\/motorista-e-flagrado-dirigindo-com-caixa-cheia-de-cerveja-e-cachaca\/","title":{"rendered":"Motorista \u00e9 flagrado dirigindo com caixa cheia de cerveja e cacha\u00e7a"},"content":{"rendered":"\n<p>A Pol\u00edcia Rodovi\u00e1ria Federal prendeu na tarde desta segunda-feira, 02, o condutor de uma carreta alcoolizado. A a\u00e7\u00e3o foi registrada na BR 116, trecho do munic\u00edpio baiano de Jequi\u00e9.<\/p>\n\n\n\n<p>De acordo com a equipe que participou da ocorr\u00eancia, alguns usu\u00e1rios entraram em contato com o posto da PRF informando que o motorista de uma carreta de cor cinza, estaria trafegando de forma imprudente gerando perigo de acidentes.<\/p>\n\n\n\n<p>Os policiais conseguiram abordar o caminh\u00e3o na altura do quil\u00f4metro 677 da rodovia. Ao se aproximarem para a abordagem, a equipe notou que o motorista apresentava sinais claros de embriaguez como odor et\u00edlico e ideias desconexas.<\/p>\n\n\n\n<p>Dentro da cabine do caminh\u00e3o foi encontrado um cooler lotado de latas de cerveja e tamb\u00e9m uma garrafa de cacha\u00e7a foi achada. O homem que reside na cidade paulista de Sorocaba foi submetido ao teste do \u201cbaf\u00f4metro\u201d e foi constatada a embriaguez ao volante. O aparelho acusou uma concentra\u00e7\u00e3o de 0,47 mg\/l de \u00e1lcool, o que \u00e9 considerando crime pelo C\u00f3digo de Tr\u00e2nsito Brasileiro (CTB).<\/p>\n\n\n\n<p>Ele foi preso e autuado em flagrante pelo crime de conduzir ve\u00edculo com capacidade psicomotora alterada em raz\u00e3o da influ\u00eancia de \u00e1lcool.<\/p>\n\n\n\n<p>Al\u00e9m de deten\u00e7\u00e3o por crime de tr\u00e2nsito, a multa por alcoolemia custa R$ 2.934,70, de natureza grav\u00edssima, gera sete pontos na Carteira Nacional de Habilita\u00e7\u00e3o (CNH). O valor da multa \u00e9 duplicado em caso de reincid\u00eancia. O motorista tamb\u00e9m ter\u00e1 a\u00a0 permiss\u00e3o para dirigir suspenso por 12 meses.<\/p>\n\n\n\n<p>Fonte: ATarde <\/p>\n","protected":false},"excerpt":{"rendered":"<p>A Pol\u00edcia Rodovi\u00e1ria Federal prendeu na tarde desta segunda-feira, 02, o condutor de uma carreta alcoolizado. A a\u00e7\u00e3o foi registrada na BR 116, trecho do munic\u00edpio baiano de Jequi\u00e9. De acordo com a equipe que participou da ocorr\u00eancia, alguns usu\u00e1rios entraram em contato com o posto da PRF informando que o motorista de uma carreta [&hellip;]<\/p>\n","protected":false},"author":2,"featured_media":4663,"comment_status":"open","ping_status":"open","sticky":false,"template":"","format":"standard","meta":{"footnotes":""},"categories":[105],"tags":[],"class_list":["post-4662","post","type-post","status-publish","format-standard","has-post-thumbnail","hentry","category-policia"],"_links":{"self":[{"href":"https:\/\/suburbionoar.com.br\/index.php\/wp-json\/wp\/v2\/posts\/4662","targetHints":{"allow":["GET"]}}],"collection":[{"href":"https:\/\/suburbionoar.com.br\/index.php\/wp-json\/wp\/v2\/posts"}],"about":[{"href":"https:\/\/suburbionoar.com.br\/index.php\/wp-json\/wp\/v2\/types\/post"}],"author":[{"embeddable":true,"href":"https:\/\/suburbionoar.com.br\/index.php\/wp-json\/wp\/v2\/users\/2"}],"replies":[{"embeddable":true,"href":"https:\/\/suburbionoar.com.br\/index.php\/wp-json\/wp\/v2\/comments?post=4662"}],"version-history":[{"count":1,"href":"https:\/\/suburbionoar.com.br\/index.php\/wp-json\/wp\/v2\/posts\/4662\/revisions"}],"predecessor-version":[{"id":4664,"href":"https:\/\/suburbionoar.com.br\/index.php\/wp-json\/wp\/v2\/posts\/4662\/revisions\/4664"}],"wp:featuredmedia":[{"embeddable":true,"href":"https:\/\/suburbionoar.com.br\/index.php\/wp-json\/wp\/v2\/media\/4663"}],"wp:attachment":[{"href":"https:\/\/suburbionoar.com.br\/index.php\/wp-json\/wp\/v2\/media?parent=4662"}],"wp:term":[{"taxonomy":"category","embeddable":true,"href":"https:\/\/suburbionoar.com.br\/index.php\/wp-json\/wp\/v2\/categories?post=4662"},{"taxonomy":"post_tag","embeddable":true,"href":"https:\/\/suburbionoar.com.br\/index.php\/wp-json\/wp\/v2\/tags?post=4662"}],"curies":[{"name":"wp","href":"https:\/\/api.w.org\/{rel}","templated":true}]}}