{"id":4656,"date":"2023-10-03T10:17:32","date_gmt":"2023-10-03T13:17:32","guid":{"rendered":"https:\/\/suburbionoar.com.br\/?p=4656"},"modified":"2023-10-03T10:17:34","modified_gmt":"2023-10-03T13:17:34","slug":"digitalizacao-do-sus-deve-integrar-dados-e-garantir-uso-etico","status":"publish","type":"post","link":"https:\/\/suburbionoar.com.br\/index.php\/2023\/10\/03\/digitalizacao-do-sus-deve-integrar-dados-e-garantir-uso-etico\/","title":{"rendered":"Digitaliza\u00e7\u00e3o do SUS deve integrar dados e garantir uso \u00e9tico"},"content":{"rendered":"\n<p>Integra\u00e7\u00e3o e tratamento \u00e9tico das informa\u00e7\u00f5es s\u00e3o pontos que devem ser pensados durante a digitaliza\u00e7\u00e3o dos processos do Sistema \u00danico de Sa\u00fade (SUS). Esses foram alguns dos pontos levantados durante o primeiro dia do 1\u00ba Simp\u00f3sio Internacional de Transforma\u00e7\u00e3o Digital no SUS, nesta segunda-feira (2).<\/p>\n\n\n\n<p>\u201cComo dizia a presidente Dilma, os nossos dados s\u00e3o imbat\u00edveis, n\u00e3o batem nada com nada\u201d, disse o presidente da Empresa Brasileira de Servi\u00e7os Hospitalares, Arthur Chioro, citando a ex-presidente Dilma Rousseff. \u00c0 \u00e9poca Chioro era ministro da Sa\u00fade. \u201cN\u00f3s precisamos superar essa desarticula\u00e7\u00e3o da informa\u00e7\u00e3o, que \u00e9 t\u00e3o estrat\u00e9gica para a gest\u00e3o. E ao mesmo tempo acabar de vez com essa fragmenta\u00e7\u00e3o que faz com que n\u00f3s n\u00e3o consigamos pedir de fato uma transforma\u00e7\u00e3o digital\u201d, acrescentou.<\/p>\n\n\n\n<p>Chioro disse que, durante o governo de transi\u00e7\u00e3o, o diagn\u00f3stico era de que as pol\u00edticas do SUS tinham sido desarticuladas ao longo dos anos anteriores, especialmente do ponto de vista da digitaliza\u00e7\u00e3o das informa\u00e7\u00f5es. \u201cO processo de destrui\u00e7\u00e3o ou a tentativa de destrui\u00e7\u00e3o do SUS passava, entre outras coisas, por praticamente uma sabotagem, uma desarticula\u00e7\u00e3o do nosso sistema de informa\u00e7\u00e3o\u201d, enfatizou ao discursar.<\/p>\n\n\n\n<p>Para ele, essa situa\u00e7\u00e3o, que tamb\u00e9m passa por um \u201catraso hist\u00f3rico\u201d, coloca a quest\u00e3o da digitaliza\u00e7\u00e3o dos processos com um tema central para o sistema de sa\u00fade p\u00fablica. \u201c\u00c9 imposs\u00edvel pensar no sistema nacional de sa\u00fade p\u00fablico, universal, integral, em uma estrutura interfederativa, sem que a gente consiga dar passos muito largos e muito consistentes do ponto de vista da transforma\u00e7\u00e3o digital\u201d, defendeu.<\/p>\n\n\n\n<p>O coordenador de informa\u00e7\u00f5es digitais do NHS (Servi\u00e7o Nacional de Sa\u00fade da Inglaterra), Masood Ahmed, disse que SUS inspira a\u00e7\u00f5es em seu pa\u00eds. Como exemplo, ele citou as medidas para &nbsp;ampliar a cobertura vacinal em algumas regi\u00f5es. \u201cN\u00f3s enfrentamos isso com o que n\u00f3s aprendemos do sistema brasileiro, batendo na porta e engajando as comunidades\u201d, disse em refer\u00eancia a programas como o Sa\u00fade da Fam\u00edlia e as a\u00e7\u00f5es de busca ativa.<\/p>\n\n\n\n<p>Ao comentar sobre o uso de dados, Ahmed destacou por diversas vezes a necessidade de que haja transpar\u00eancia e controle social no uso dessas informa\u00e7\u00f5es. \u201cO p\u00fablico tem preocupa\u00e7\u00f5es \u00e9ticas sobre os dados. Como n\u00f3s vamos coletar os dados? Como v\u00e3o armazen\u00e1-los? E como vamos usar esses dados?\u201d, questionou.<\/p>\n\n\n\n<p>Fonte: Varela Net <\/p>\n","protected":false},"excerpt":{"rendered":"<p>Integra\u00e7\u00e3o e tratamento \u00e9tico das informa\u00e7\u00f5es s\u00e3o pontos que devem ser pensados durante a digitaliza\u00e7\u00e3o dos processos do Sistema \u00danico de Sa\u00fade (SUS). Esses foram alguns dos pontos levantados durante o primeiro dia do 1\u00ba Simp\u00f3sio Internacional de Transforma\u00e7\u00e3o Digital no SUS, nesta segunda-feira (2). \u201cComo dizia a presidente Dilma, os nossos dados s\u00e3o imbat\u00edveis, [&hellip;]<\/p>\n","protected":false},"author":2,"featured_media":4657,"comment_status":"open","ping_status":"open","sticky":false,"template":"","format":"standard","meta":{"footnotes":""},"categories":[94],"tags":[],"class_list":["post-4656","post","type-post","status-publish","format-standard","has-post-thumbnail","hentry","category-saude-2"],"_links":{"self":[{"href":"https:\/\/suburbionoar.com.br\/index.php\/wp-json\/wp\/v2\/posts\/4656","targetHints":{"allow":["GET"]}}],"collection":[{"href":"https:\/\/suburbionoar.com.br\/index.php\/wp-json\/wp\/v2\/posts"}],"about":[{"href":"https:\/\/suburbionoar.com.br\/index.php\/wp-json\/wp\/v2\/types\/post"}],"author":[{"embeddable":true,"href":"https:\/\/suburbionoar.com.br\/index.php\/wp-json\/wp\/v2\/users\/2"}],"replies":[{"embeddable":true,"href":"https:\/\/suburbionoar.com.br\/index.php\/wp-json\/wp\/v2\/comments?post=4656"}],"version-history":[{"count":1,"href":"https:\/\/suburbionoar.com.br\/index.php\/wp-json\/wp\/v2\/posts\/4656\/revisions"}],"predecessor-version":[{"id":4658,"href":"https:\/\/suburbionoar.com.br\/index.php\/wp-json\/wp\/v2\/posts\/4656\/revisions\/4658"}],"wp:featuredmedia":[{"embeddable":true,"href":"https:\/\/suburbionoar.com.br\/index.php\/wp-json\/wp\/v2\/media\/4657"}],"wp:attachment":[{"href":"https:\/\/suburbionoar.com.br\/index.php\/wp-json\/wp\/v2\/media?parent=4656"}],"wp:term":[{"taxonomy":"category","embeddable":true,"href":"https:\/\/suburbionoar.com.br\/index.php\/wp-json\/wp\/v2\/categories?post=4656"},{"taxonomy":"post_tag","embeddable":true,"href":"https:\/\/suburbionoar.com.br\/index.php\/wp-json\/wp\/v2\/tags?post=4656"}],"curies":[{"name":"wp","href":"https:\/\/api.w.org\/{rel}","templated":true}]}}