{"id":4637,"date":"2023-10-02T16:18:20","date_gmt":"2023-10-02T19:18:20","guid":{"rendered":"https:\/\/suburbionoar.com.br\/?p=4637"},"modified":"2023-10-02T16:18:22","modified_gmt":"2023-10-02T19:18:22","slug":"mais-um-envolvido-na-morte-de-policial-federal-morre-em-confronto-com-a-core","status":"publish","type":"post","link":"https:\/\/suburbionoar.com.br\/index.php\/2023\/10\/02\/mais-um-envolvido-na-morte-de-policial-federal-morre-em-confronto-com-a-core\/","title":{"rendered":"Mais um envolvido na morte de policial federal morre em confronto com a CORE"},"content":{"rendered":"\n<p>Um dos principais envolvidos na morte do policial federal Lucas Carib\u00e9, assassinado durante a Opera\u00e7\u00e3o Fauda, realizada no bairro de Val\u00e9ria, em Salvador, na madrugada do dia 15 de setembro, morreu em confronto com equipes da\u00a0Coordenadoria de Recursos Especiais (CORE) da Pol\u00edcia Civil da Bahia. Informa\u00e7\u00f5es obtidas pelo\u00a0<strong>BNews<\/strong>\u00a0d\u00e3o conta de que o bandido, vulgo \u201cCabelo\u201d, era tamb\u00e9m um dos principais alvos da fac\u00e7\u00e3o criminosa conhecida como \u201cBDM\u201d.<\/p>\n\n\n\n<p>A\u00a0opera\u00e7\u00e3o que terminou na morte do policial federal tamb\u00e9m chegou ao fim com outros dois policiais feridos. Um deles trata-se do tamb\u00e9m policial federal Hosannah Caria Carneiro, e o outro, \u00e9 o inspetor da Pol\u00edcia Civil Vockton Carvalho, que acabou sendo atingido no olho esquerdo por estilha\u00e7os de um disparo.<\/p>\n\n\n\n<p>Ainda segundo informa\u00e7\u00f5es preliminares, \u201cCabelo\u201d possu\u00eda mandado de pris\u00e3o em aberto por homic\u00eddio e tr\u00e1fico de drogas. O alvo era considerado priorit\u00e1rio, j\u00e1 que teria sido o respons\u00e1vel por puxar bonde da fac\u00e7\u00e3o. O bandido foi localizado no munic\u00edpio de\u00a0Catu, a cerca de 100km de Salvador, onde estaria escondido desde o dia da opera\u00e7\u00e3o.<\/p>\n\n\n\n<p>A investiga\u00e7\u00e3o que levou \u00e0 captura de mais um envolvido na morte do policial Lucas Carib\u00e9 foi realizada pelo\u00a0Departamento de Investiga\u00e7\u00f5es sobre Narc\u00f3ticos (Denarc). <\/p>\n\n\n\n<p>Fonte: Bnews <\/p>\n","protected":false},"excerpt":{"rendered":"<p>Um dos principais envolvidos na morte do policial federal Lucas Carib\u00e9, assassinado durante a Opera\u00e7\u00e3o Fauda, realizada no bairro de Val\u00e9ria, em Salvador, na madrugada do dia 15 de setembro, morreu em confronto com equipes da\u00a0Coordenadoria de Recursos Especiais (CORE) da Pol\u00edcia Civil da Bahia. Informa\u00e7\u00f5es obtidas pelo\u00a0BNews\u00a0d\u00e3o conta de que o bandido, vulgo \u201cCabelo\u201d, [&hellip;]<\/p>\n","protected":false},"author":2,"featured_media":4638,"comment_status":"open","ping_status":"open","sticky":false,"template":"","format":"standard","meta":{"footnotes":""},"categories":[105],"tags":[],"class_list":["post-4637","post","type-post","status-publish","format-standard","has-post-thumbnail","hentry","category-policia"],"_links":{"self":[{"href":"https:\/\/suburbionoar.com.br\/index.php\/wp-json\/wp\/v2\/posts\/4637","targetHints":{"allow":["GET"]}}],"collection":[{"href":"https:\/\/suburbionoar.com.br\/index.php\/wp-json\/wp\/v2\/posts"}],"about":[{"href":"https:\/\/suburbionoar.com.br\/index.php\/wp-json\/wp\/v2\/types\/post"}],"author":[{"embeddable":true,"href":"https:\/\/suburbionoar.com.br\/index.php\/wp-json\/wp\/v2\/users\/2"}],"replies":[{"embeddable":true,"href":"https:\/\/suburbionoar.com.br\/index.php\/wp-json\/wp\/v2\/comments?post=4637"}],"version-history":[{"count":1,"href":"https:\/\/suburbionoar.com.br\/index.php\/wp-json\/wp\/v2\/posts\/4637\/revisions"}],"predecessor-version":[{"id":4639,"href":"https:\/\/suburbionoar.com.br\/index.php\/wp-json\/wp\/v2\/posts\/4637\/revisions\/4639"}],"wp:featuredmedia":[{"embeddable":true,"href":"https:\/\/suburbionoar.com.br\/index.php\/wp-json\/wp\/v2\/media\/4638"}],"wp:attachment":[{"href":"https:\/\/suburbionoar.com.br\/index.php\/wp-json\/wp\/v2\/media?parent=4637"}],"wp:term":[{"taxonomy":"category","embeddable":true,"href":"https:\/\/suburbionoar.com.br\/index.php\/wp-json\/wp\/v2\/categories?post=4637"},{"taxonomy":"post_tag","embeddable":true,"href":"https:\/\/suburbionoar.com.br\/index.php\/wp-json\/wp\/v2\/tags?post=4637"}],"curies":[{"name":"wp","href":"https:\/\/api.w.org\/{rel}","templated":true}]}}