{"id":4634,"date":"2023-10-02T16:10:55","date_gmt":"2023-10-02T19:10:55","guid":{"rendered":"https:\/\/suburbionoar.com.br\/?p=4634"},"modified":"2023-10-02T16:10:57","modified_gmt":"2023-10-02T19:10:57","slug":"menina-de-seis-anos-morta-em-ataque-em-mata-escura-e-sepultada","status":"publish","type":"post","link":"https:\/\/suburbionoar.com.br\/index.php\/2023\/10\/02\/menina-de-seis-anos-morta-em-ataque-em-mata-escura-e-sepultada\/","title":{"rendered":"Menina de seis anos morta em ataque em Mata Escura \u00e9 sepultada"},"content":{"rendered":"\n<p>A crian\u00e7a de seis anos\u00a0que morreu ap\u00f3s ser baleada dentro de uma casa, na madrugada de domingo (1\u00ba),\u00a0no bairro da Mata Escura, em Salvador, foi sepultada na manh\u00e3 desta segunda-feira (2) no Cemit\u00e9rio Municipal de Brotas.<\/p>\n\n\n\n<p>Amigos e parentes da v\u00edtima, identificada como Sofia Santana de Jesus, chegaram ao vel\u00f3rio em um \u00f4nibus fretado lotado, mesmo em um clima bastante chuvoso.<\/p>\n\n\n\n<p>Sarah foi v\u00edtima de disparos enquanto dormia com a m\u00e3e e o padrasto em casa, na localidade conhecida como Inferninho. Segundo as informa\u00e7\u00f5es, um grupo de homens armados invadiu a casa na madrugada de domingo e atirou contra a menina e o padrasto.<\/p>\n\n\n\n<p><br>A crian\u00e7a foi baleada na cabe\u00e7a e chegou a ser encaminhada para a UPA Piraj\u00e1\/Santo In\u00e1cio, mas j\u00e1 chegou sem vida na unidade. O padrasto dela tamb\u00e9m foi levado ao local e transferido para o Hospital Geral do Estado (HGE) ap\u00f3s ter sido atingido no bra\u00e7o e no abdome. Ainda conforme divulgado, o alvo da a\u00e7\u00e3o criminosa seria o filho dele.<\/p>\n\n\n\n<p><br>O local do ocorrido tem atua\u00e7\u00e3o da fac\u00e7\u00e3o do Bonde do Maluco. No entanto, de acordo com populares da regi\u00e3o, h\u00e1 uma disputa com a fac\u00e7\u00e3o do Comando Vermelho que acaba provocando ataques como o que vitimou Sarah. <\/p>\n\n\n\n<p>Fonte: Bahia Not\u00edcias<\/p>\n","protected":false},"excerpt":{"rendered":"<p>A crian\u00e7a de seis anos\u00a0que morreu ap\u00f3s ser baleada dentro de uma casa, na madrugada de domingo (1\u00ba),\u00a0no bairro da Mata Escura, em Salvador, foi sepultada na manh\u00e3 desta segunda-feira (2) no Cemit\u00e9rio Municipal de Brotas. Amigos e parentes da v\u00edtima, identificada como Sofia Santana de Jesus, chegaram ao vel\u00f3rio em um \u00f4nibus fretado lotado, [&hellip;]<\/p>\n","protected":false},"author":2,"featured_media":4635,"comment_status":"open","ping_status":"open","sticky":false,"template":"","format":"standard","meta":{"footnotes":""},"categories":[105],"tags":[],"class_list":["post-4634","post","type-post","status-publish","format-standard","has-post-thumbnail","hentry","category-policia"],"_links":{"self":[{"href":"https:\/\/suburbionoar.com.br\/index.php\/wp-json\/wp\/v2\/posts\/4634","targetHints":{"allow":["GET"]}}],"collection":[{"href":"https:\/\/suburbionoar.com.br\/index.php\/wp-json\/wp\/v2\/posts"}],"about":[{"href":"https:\/\/suburbionoar.com.br\/index.php\/wp-json\/wp\/v2\/types\/post"}],"author":[{"embeddable":true,"href":"https:\/\/suburbionoar.com.br\/index.php\/wp-json\/wp\/v2\/users\/2"}],"replies":[{"embeddable":true,"href":"https:\/\/suburbionoar.com.br\/index.php\/wp-json\/wp\/v2\/comments?post=4634"}],"version-history":[{"count":1,"href":"https:\/\/suburbionoar.com.br\/index.php\/wp-json\/wp\/v2\/posts\/4634\/revisions"}],"predecessor-version":[{"id":4636,"href":"https:\/\/suburbionoar.com.br\/index.php\/wp-json\/wp\/v2\/posts\/4634\/revisions\/4636"}],"wp:featuredmedia":[{"embeddable":true,"href":"https:\/\/suburbionoar.com.br\/index.php\/wp-json\/wp\/v2\/media\/4635"}],"wp:attachment":[{"href":"https:\/\/suburbionoar.com.br\/index.php\/wp-json\/wp\/v2\/media?parent=4634"}],"wp:term":[{"taxonomy":"category","embeddable":true,"href":"https:\/\/suburbionoar.com.br\/index.php\/wp-json\/wp\/v2\/categories?post=4634"},{"taxonomy":"post_tag","embeddable":true,"href":"https:\/\/suburbionoar.com.br\/index.php\/wp-json\/wp\/v2\/tags?post=4634"}],"curies":[{"name":"wp","href":"https:\/\/api.w.org\/{rel}","templated":true}]}}