{"id":4608,"date":"2023-10-02T12:10:16","date_gmt":"2023-10-02T15:10:16","guid":{"rendered":"https:\/\/suburbionoar.com.br\/?p=4608"},"modified":"2023-10-02T12:10:19","modified_gmt":"2023-10-02T15:10:19","slug":"prefeitura-de-salvador-inicia-construcao-de-viaduto-para-melhorar-mobilidade-na-av-acm","status":"publish","type":"post","link":"https:\/\/suburbionoar.com.br\/index.php\/2023\/10\/02\/prefeitura-de-salvador-inicia-construcao-de-viaduto-para-melhorar-mobilidade-na-av-acm\/","title":{"rendered":"Prefeitura de Salvador inicia constru\u00e7\u00e3o de viaduto para melhorar mobilidade na Av. ACM"},"content":{"rendered":"\n<p>A Prefeitura de Salvador iniciou mais uma obra vi\u00e1ria para ampliar a mobilidade na regi\u00e3o da Av. ACM, uma das principais bases de tr\u00e1fego da cidade. O prefeito Bruno Reis assinou nesta segunda-feira (2) a ordem de servi\u00e7o para a constru\u00e7\u00e3o de um novo viaduto, que ficar\u00e1 localizado nas imedia\u00e7\u00f5es do 3\u00ba Batalh\u00e3o de Bombeiros Militar.<\/p>\n\n\n\n<p>O complexo vai beneficiar os motoristas que vierem das avenidas Tancredo Neves ou Paralela e que desejam retornar para a regi\u00e3o do Shopping da Bahia. O elevado ser\u00e1 constru\u00eddo antes do acesso \u00e0 Av. M\u00e1rio Leal Ferreira (Bonoc\u00f4). O investimento \u00e9 de R$ 51,8 milh\u00f5es e as obras t\u00eam prazo de dura\u00e7\u00e3o de 14 meses, ficando a cargo da Secretaria Municipal de Infraestrutura e Obras P\u00fablicas (Seinfra).<\/p>\n\n\n\n<p>Bruno Reis destacou a import\u00e2ncia daquela regi\u00e3o para a mobilidade da capital baiana. \u201cPor aqui passam diariamente 7 dos 10 \u00f4nibus que rodam na cidade. Da frota de 1,1 milh\u00e3o de carros de Salvador, 30% passam por aqui diariamente. Esse \u00e9 o novo centro comercial da cidade e, se n\u00e3o fossem essas obras que estamos fazendo nas avenidas Tancredo Neves e ACM, Salvador estaria certamente travada, porque, quando engarrafa nessa regi\u00e3o aqui, repercute em v\u00e1rios outros pontos\u201d, disse o prefeito.<\/p>\n\n\n\n<p>Atualmente, os condutores que passam pela avenida ACM no sentido Retiro e desejam fazer o retorno para voltarem ao sentido Shopping da Bahia t\u00eam que passar pela R\u00f3tula do Abacaxi e acessar o retorno que fica em frente \u00e0 Esta\u00e7\u00e3o Acesso Norte. Este retorno \u00e9 um dos principais causadores de reten\u00e7\u00e3o de tr\u00e1fego em toda a regi\u00e3o, pois h\u00e1 uma conflu\u00eancia com os ve\u00edculos vindos tamb\u00e9m das avenidas Bonoc\u00f4, Barros Reis e Heitor Dias e do Shopping Bela Vista.<\/p>\n\n\n\n<p>Como destacou o prefeito, o novo viaduto faz parte de uma s\u00e9rie de obras j\u00e1 realizadas nos \u00faltimos anos na mesma regi\u00e3o, como a ponte sobre o Rio Camarajipe, que facilita o acesso da Av. ACM \u00e0 Paralela; o Complexo Vi\u00e1rio Tatti Moreno, que agilizou o tr\u00e1fego nas avenidas Tancredo Neves e Magalh\u00e3es Neto; e os elevados em toda a extens\u00e3o da avenida ACM, criando uma via expressa. Ele lembrou que todas as interven\u00e7\u00f5es foram provocadas por conta do plano para desenvolvimento e funcionamento do BRT.<\/p>\n\n\n\n<p>\u201cEnt\u00e3o, vejam voc\u00eas a import\u00e2ncia do BRT para resolver a mobilidade de toda a cidade e para resolver problemas hist\u00f3ricos de infraestrutura, porque lembrem voc\u00eas como essa regi\u00e3o sofria com alagamentos na \u00e9poca de chuva. Todos esses investimentos em mobilidade fizeram com que Salvador seja hoje a melhor cidade em mobilidade do Nordeste. Somos a 6\u00aa do Brasil nesse quesito. E, quando a gente entregar todas essas obras, em especial as que fazem parte do complexo BRT, n\u00f3s vamos certamente chegar entre as primeiras capitais do Brasil em mobilidade\u201d, afirmou Bruno Reis.<\/p>\n\n\n\n<p>Aumento de frota &#8211; O secret\u00e1rio de Mobilidade (Semob) de Salvador, Fabrizzio M\u00fcller, lembrou que a obra do viaduto \u00e9 fruto de estudos t\u00e9cnicos realizados no \u00e2mbito do Plano Municipal de Mobilidade. \u201cEu queria trazer a voc\u00eas um dado: a frota de ve\u00edculos de Salvador nos \u00faltimos 20 anos cresceu tr\u00eas vezes. Ela saiu de 370 mil ve\u00edculos no ano 2000 para mais de 1,1 milh\u00e3o de ve\u00edculos em 2021. Se n\u00e3o fossem essas obras de mobilidade, que tem ocorrido nessas duas \u00faltimas gest\u00f5es, a cidade, com certeza, j\u00e1 estaria totalmente imobilizada e parada por conta desse aumento de frota\u201d, disse.<\/p>\n\n\n\n<p>Fabrizzio M\u00fcller lembrou de uma pesquisa realizada pelo aplicativo de mobilidade Waze, divulgada na \u00faltima semana, apontando que Salvador n\u00e3o est\u00e1 entre as cidades mais congestionadas do Brasil.<\/p>\n\n\n\n<p>O titular da Seinfra, Luiz Carlos, afirmou que o equipamento ser\u00e1 em concreto armado, ter\u00e1 sistema macrodrenagem e drenagem, pavimenta\u00e7\u00e3o asf\u00e1ltica e ilumina\u00e7\u00e3o em LED. Ela complementa o conjunto de outras tr\u00eas obras em andamento que foram autorizadas pela administra\u00e7\u00e3o municipal na R\u00f3tula do Abacaxi, em julho passado.<\/p>\n\n\n\n<p>\u201cUma via muito importante para todos que moram ou trabalham nessa regi\u00e3o, para quem vem da regi\u00e3o da Paralela, que \u00e9 um fluxo grande. Na conjuntura atual, esses motoristas t\u00eam que ir \u00e0 R\u00f3tula do Abacaxi e enfrentar toda aquela concorr\u00eancia de ve\u00edculos que v\u00eam de outras regi\u00f5es para retornar. Com este viaduto, ele vai poder retornar de forma r\u00e1pida, economizando tempo\u201d, afirmou Luiz Carlos.<\/p>\n\n\n\n<p>Fotos: Valter Pontes \/ Secom PMS<br>Reportagem: Thiago Souza e Vitor Villar \/ Secom PMS<\/p>\n","protected":false},"excerpt":{"rendered":"<p>A Prefeitura de Salvador iniciou mais uma obra vi\u00e1ria para ampliar a mobilidade na regi\u00e3o da Av. ACM, uma das principais bases de tr\u00e1fego da cidade. O prefeito Bruno Reis assinou nesta segunda-feira (2) a ordem de servi\u00e7o para a constru\u00e7\u00e3o de um novo viaduto, que ficar\u00e1 localizado nas imedia\u00e7\u00f5es do 3\u00ba Batalh\u00e3o de Bombeiros [&hellip;]<\/p>\n","protected":false},"author":2,"featured_media":4609,"comment_status":"open","ping_status":"open","sticky":false,"template":"","format":"standard","meta":{"footnotes":""},"categories":[91],"tags":[],"class_list":["post-4608","post","type-post","status-publish","format-standard","has-post-thumbnail","hentry","category-politica"],"_links":{"self":[{"href":"https:\/\/suburbionoar.com.br\/index.php\/wp-json\/wp\/v2\/posts\/4608","targetHints":{"allow":["GET"]}}],"collection":[{"href":"https:\/\/suburbionoar.com.br\/index.php\/wp-json\/wp\/v2\/posts"}],"about":[{"href":"https:\/\/suburbionoar.com.br\/index.php\/wp-json\/wp\/v2\/types\/post"}],"author":[{"embeddable":true,"href":"https:\/\/suburbionoar.com.br\/index.php\/wp-json\/wp\/v2\/users\/2"}],"replies":[{"embeddable":true,"href":"https:\/\/suburbionoar.com.br\/index.php\/wp-json\/wp\/v2\/comments?post=4608"}],"version-history":[{"count":1,"href":"https:\/\/suburbionoar.com.br\/index.php\/wp-json\/wp\/v2\/posts\/4608\/revisions"}],"predecessor-version":[{"id":4610,"href":"https:\/\/suburbionoar.com.br\/index.php\/wp-json\/wp\/v2\/posts\/4608\/revisions\/4610"}],"wp:featuredmedia":[{"embeddable":true,"href":"https:\/\/suburbionoar.com.br\/index.php\/wp-json\/wp\/v2\/media\/4609"}],"wp:attachment":[{"href":"https:\/\/suburbionoar.com.br\/index.php\/wp-json\/wp\/v2\/media?parent=4608"}],"wp:term":[{"taxonomy":"category","embeddable":true,"href":"https:\/\/suburbionoar.com.br\/index.php\/wp-json\/wp\/v2\/categories?post=4608"},{"taxonomy":"post_tag","embeddable":true,"href":"https:\/\/suburbionoar.com.br\/index.php\/wp-json\/wp\/v2\/tags?post=4608"}],"curies":[{"name":"wp","href":"https:\/\/api.w.org\/{rel}","templated":true}]}}