{"id":4602,"date":"2023-10-02T11:36:23","date_gmt":"2023-10-02T14:36:23","guid":{"rendered":"https:\/\/suburbionoar.com.br\/?p=4602"},"modified":"2023-10-02T11:36:25","modified_gmt":"2023-10-02T14:36:25","slug":"de-olho-em-2026-e-ainda-sem-partido-luiz-eduardo-magalhaes-guinle-aponta-afinidade-com-uniao-psdb-e-pp","status":"publish","type":"post","link":"https:\/\/suburbionoar.com.br\/index.php\/2023\/10\/02\/de-olho-em-2026-e-ainda-sem-partido-luiz-eduardo-magalhaes-guinle-aponta-afinidade-com-uniao-psdb-e-pp\/","title":{"rendered":"De olho em 2026 e ainda sem partido, Luiz Eduardo Magalh\u00e3es Guinle aponta afinidade com Uni\u00e3o, PSDB e PP"},"content":{"rendered":"\n<p>Neto do ex-deputado federal Lu\u00eds Eduardo Magalh\u00e3es, Luiz Eduardo Magalh\u00e3es Guinle carrega a pol\u00edtica no sobrenome e no sangue e j\u00e1 deu o pontap\u00e9 inicial para seguir os passos da vida p\u00fablica. Em entrevista concedida ao Bahia Not\u00edcias na \u00faltima semana, ele garante que ser\u00e1 candidato a deputado federal nas elei\u00e7\u00f5es de 2026. Apesar de despistar sobre qual partido pode abrigar sua candidatura, Luiz Eduardo aponta que possui afinidade com o Uni\u00e3o Brasil, PSDB e PP. No caso dos Progressistas um convite formal j\u00e1 foi feito, quando o presidente da sigla, senador Ciro Nogueira, externou o interesse em filiar o estudante de publicidade.<\/p>\n\n\n\n<p>Ainda durante a entrevista, Luiz Eduardo comentou o processo eleitoral de 2022 e posicionamento na pauta pol\u00edtico-ideol\u00f3gica. Confira a entrevista na \u00edntegra abaixo.<\/p>\n\n\n\n<p><strong>Em Bras\u00edlia, voc\u00ea endossou o movimento de Jo\u00e3o Guilherme Silva, filho de Faust\u00e3o, para tentar mudar a lei de doa\u00e7\u00e3o de \u00f3rg\u00e3os com a doa\u00e7\u00e3o presumida. Como foram os encontros no Congresso e receptividade dos deputados com a pauta?<\/strong><\/p>\n\n\n\n<p>O Jo\u00e3o Guilherme \u00e9 um dos meus melhores amigos, mas apesar de termos nos deslocado juntos para Bras\u00edlia, tinha a minha agenda pr\u00f3pria, a qual j\u00e1 estava marcada antes da defini\u00e7\u00e3o de ida dele. No caso, conversar com lideran\u00e7as partid\u00e1rias no aspecto estadual e nacional, reuni\u00f5es com a bancada baiana, enfim, criar relacionamento. Mas, posso adiantar que o projeto de lei teve uma boa aceita\u00e7\u00e3o dos parlamentares, o ideal era ter mais transpar\u00eancia, pois muitas pessoas acreditam que a doa\u00e7\u00e3o de \u00f3rg\u00e3os seria obrigat\u00f3ria, sendo que n\u00e3o \u00e9 o caso.<\/p>\n\n\n\n<p><strong>Aproveitando a tem\u00e1tica, circulou na imprensa nos \u00faltimos meses a possibilidade de voc\u00ea sair como candidato a deputado federal em 2026. O martelo j\u00e1 est\u00e1 batido?<\/strong><\/p>\n\n\n\n<p>Sim, o martelo est\u00e1 batido, mas na pol\u00edtica sabemos que o cen\u00e1rio sempre muda, portanto, diria que vou exercer uma candidatura quando eu melhor puder contribuir para o desenvolvimento da Bahia.<\/p>\n\n\n\n<p><strong>J\u00e1 tem alguma ideia de filia\u00e7\u00e3o partid\u00e1ria a partir de agora?<\/strong><\/p>\n\n\n\n<p>No momento, n\u00e3o possuo ideia de filia\u00e7\u00e3o partid\u00e1ria. Penso em definir minha filia\u00e7\u00e3o no futuro. Nas elei\u00e7\u00f5es municipais, por exemplo, o cen\u00e1rio pol\u00edtico pode mudar e partidos podem integrar bases que eu n\u00e3o esteja de acordo, portanto, vou esperar para tomar essa decis\u00e3o.<\/p>\n\n\n\n<p><strong>Quais legendas tem afinidade?<\/strong><\/p>\n\n\n\n<p>As legendas que possuo afinidade s\u00e3o Uni\u00e3o Brasil, PSDB e PP, n\u00e3o necessariamente em ordem.<\/p>\n\n\n\n<p><strong>Dentro da pauta pol\u00edtico-ideol\u00f3gica, em qual alinhamento voc\u00ea se encaixa? \u00c9 algo que se assemelha ao seu av\u00f4 Lu\u00eds Eduardo, por exemplo, que transitava pela centro-direita?&nbsp;<\/strong><\/p>\n\n\n\n<p>Costumo dizer que em um estado como a Bahia que infelizmente possui muita desigualdade, fica dif\u00edcil falar em um certo campo ideol\u00f3gico no qual eu possa me encaixar. No aspecto econ\u00f4mico, eu tenho um pensamento parecido com o meu av\u00f4 que era alinhado com o liberalismo, mas sabemos que uma pol\u00edtica p\u00fablica mais liberal n\u00e3o vai necessariamente se encaixar em todas situa\u00e7\u00f5es. O assistencialismo social hoje \u00e9 importante, mas temos que criar pol\u00edticas p\u00fablicas que tornem ele transit\u00f3rio, mais gera\u00e7\u00e3o de emprego e um monitoramento de quem est\u00e1 conseguindo quebrar o ciclo da pobreza. Na minha concep\u00e7\u00e3o, os investimentos na primeira inf\u00e2ncia s\u00e3o essenciais para quebrarmos este ciclo. O desenvolvimento humano \u00e9 majoritariamente feito dos 0 aos 6 anos de idade, tendo em vista que 80% da capacidade motora, cognitiva e sensitiva \u00e9 desenvolvida nesse per\u00edodo, precisamos incentivar que os planos de governo dos munic\u00edpios da Bahia sejam voltados para a primeira inf\u00e2ncia. Quando falo sobre esse tema, n\u00e3o \u00e9 apenas no sentido curricular da escola municipal, mas uma cidade toda voltada para isso. Infraestrutura, mobilidade, urbaniza\u00e7\u00e3o, arboriza\u00e7\u00e3o e descentraliza\u00e7\u00e3o das secretarias para que possam tomar a\u00e7\u00f5es eficazes e r\u00e1pidas.<\/p>\n\n\n\n<p><strong>Apesar das pretens\u00f5es pol\u00edticas, o que Luiz Eduardo faz da vida atualmente?<\/strong><\/p>\n\n\n\n<p>Estou concluindo a minha forma\u00e7\u00e3o em S\u00e3o Paulo no m\u00eas de dezembro. Durante esse per\u00edodo, estou desenvolvendo tecnicidade no setor p\u00fablico desde maio de 2022, onde fiquei aproximadamente 1 ano na Casa Civil do Governo de S\u00e3o Paulo. No momento, estou como assessor especial do prefeito de Jundia\u00ed, Luiz Fernando Machado. Jundia\u00ed \u00e9 a d\u00e9cima-quinta maior economia do Brasil, possui um PIB maior do que 5 estados. Al\u00e9m de possuir uma economia pujante, a cidade \u00e9 pioneira nos investimentos da primeira inf\u00e2ncia, possui pol\u00edticas p\u00fablicas e aparelhos p\u00fablicos de qualidade voltados para a tem\u00e1tica. Hoje, a cidade \u00e9 considerada a cidade das crian\u00e7as pelo renomado pedagogo italiano Francesco Tonucci. Portanto, estou extraindo muito aprendizado com essa experi\u00eancia de trabalho, com o plano de retornar para a Bahia em janeiro de 2023, ap\u00f3s a conclus\u00e3o da minha forma\u00e7\u00e3o. Neste meio-tempo, consigo encaixar visitas ao interior da Bahia nos finais de semana e feriados, como fiz neste final de semana na regi\u00e3o sudoeste, percorrendo cinco munic\u00edpios e dialogando com a popula\u00e7\u00e3o local.<\/p>\n\n\n\n<p><strong>Voc\u00ea tem contato com ACM Neto? J\u00e1 trocou figurinha com ele sobre a entrada na pol\u00edtica?<\/strong><\/p>\n\n\n\n<p>Claro, somos primos e temos uma \u00f3tima rela\u00e7\u00e3o. Troquei sim figurinha com ele sobre a entrada na pol\u00edtica e venho recebendo bons conselhos do mesmo.<\/p>\n\n\n\n<p><strong>Falando nele, qual avalia\u00e7\u00e3o voc\u00ea faz do processo eleitoral do ano passado, em que ACM Neto saiu derrotado para o petista Jer\u00f4nimo Rodrigues?<\/strong><\/p>\n\n\n\n<p>Na minha concep\u00e7\u00e3o, ele saiu vitorioso. N\u00e3o estava alinhado ideologicamente e politicamente com nenhum presidenci\u00e1vel e mesmo assim teve 47% dos votos, muito acima do desempenho dos candidatos de oposi\u00e7\u00e3o nas \u00faltimas elei\u00e7\u00f5es para governador da Bahia. Sabemos que as elei\u00e7\u00f5es para governador tem uma rela\u00e7\u00e3o direta com a elei\u00e7\u00e3o para presidente, e quem atinge 47% dos votos mostra ter for\u00e7a pol\u00edtica pr\u00f3pria.<\/p>\n\n\n\n<p><strong>A n\u00edvel nacional, quem voc\u00ea apoiou em 2022. Lula ou Bolsonaro?<\/strong><\/p>\n\n\n\n<p>Nenhum dos dois. Creio que o Brasil estava muito mal representado no segundo turno das elei\u00e7\u00f5es para presidente. Em contrapartida, temos excelentes governadores e quadros que est\u00e3o encerrando o seu mandato em 2026, tornando a pr\u00f3xima disputa mais alinhada com o que o Brasil merece, um debate de ideias e plano de governo, n\u00e3o um debate de costumes e que fomenta agressividade.<\/p>\n\n\n\n<p>Fonte: Bahia Not\u00edcias <\/p>\n","protected":false},"excerpt":{"rendered":"<p>Neto do ex-deputado federal Lu\u00eds Eduardo Magalh\u00e3es, Luiz Eduardo Magalh\u00e3es Guinle carrega a pol\u00edtica no sobrenome e no sangue e j\u00e1 deu o pontap\u00e9 inicial para seguir os passos da vida p\u00fablica. Em entrevista concedida ao Bahia Not\u00edcias na \u00faltima semana, ele garante que ser\u00e1 candidato a deputado federal nas elei\u00e7\u00f5es de 2026. Apesar de [&hellip;]<\/p>\n","protected":false},"author":2,"featured_media":4603,"comment_status":"open","ping_status":"open","sticky":false,"template":"","format":"standard","meta":{"footnotes":""},"categories":[91],"tags":[],"class_list":["post-4602","post","type-post","status-publish","format-standard","has-post-thumbnail","hentry","category-politica"],"_links":{"self":[{"href":"https:\/\/suburbionoar.com.br\/index.php\/wp-json\/wp\/v2\/posts\/4602","targetHints":{"allow":["GET"]}}],"collection":[{"href":"https:\/\/suburbionoar.com.br\/index.php\/wp-json\/wp\/v2\/posts"}],"about":[{"href":"https:\/\/suburbionoar.com.br\/index.php\/wp-json\/wp\/v2\/types\/post"}],"author":[{"embeddable":true,"href":"https:\/\/suburbionoar.com.br\/index.php\/wp-json\/wp\/v2\/users\/2"}],"replies":[{"embeddable":true,"href":"https:\/\/suburbionoar.com.br\/index.php\/wp-json\/wp\/v2\/comments?post=4602"}],"version-history":[{"count":1,"href":"https:\/\/suburbionoar.com.br\/index.php\/wp-json\/wp\/v2\/posts\/4602\/revisions"}],"predecessor-version":[{"id":4604,"href":"https:\/\/suburbionoar.com.br\/index.php\/wp-json\/wp\/v2\/posts\/4602\/revisions\/4604"}],"wp:featuredmedia":[{"embeddable":true,"href":"https:\/\/suburbionoar.com.br\/index.php\/wp-json\/wp\/v2\/media\/4603"}],"wp:attachment":[{"href":"https:\/\/suburbionoar.com.br\/index.php\/wp-json\/wp\/v2\/media?parent=4602"}],"wp:term":[{"taxonomy":"category","embeddable":true,"href":"https:\/\/suburbionoar.com.br\/index.php\/wp-json\/wp\/v2\/categories?post=4602"},{"taxonomy":"post_tag","embeddable":true,"href":"https:\/\/suburbionoar.com.br\/index.php\/wp-json\/wp\/v2\/tags?post=4602"}],"curies":[{"name":"wp","href":"https:\/\/api.w.org\/{rel}","templated":true}]}}