{"id":4592,"date":"2023-10-02T10:50:57","date_gmt":"2023-10-02T13:50:57","guid":{"rendered":"https:\/\/suburbionoar.com.br\/?p=4592"},"modified":"2023-10-02T10:50:59","modified_gmt":"2023-10-02T13:50:59","slug":"setembro-letal-confrontos-da-policia-em-salvador-e-rms-mataram-tres-vezes-mais-do-que-os-do-rio-de-janeiro-e-recife-juntos","status":"publish","type":"post","link":"https:\/\/suburbionoar.com.br\/index.php\/2023\/10\/02\/setembro-letal-confrontos-da-policia-em-salvador-e-rms-mataram-tres-vezes-mais-do-que-os-do-rio-de-janeiro-e-recife-juntos\/","title":{"rendered":"Setembro letal: confrontos da pol\u00edcia em Salvador e RMS mataram tr\u00eas vezes mais do que os do Rio de Janeiro e Recife juntos"},"content":{"rendered":"\n<p>(IFC), que aponta a capital e a regi\u00e3o metropolitana (RMS) da Bahiacomo a mais letal em opera\u00e7\u00f5es policiais, entre as regi\u00f5es em que o \u00f3rg\u00e3o de pesquisa atua na coleta de dados. Ou seja, segundo o IFC, no m\u00eas de setembro, Salvador e RMS tiveram tr\u00eas vezes mais mortes do que as cidades do Rio de Janeiro e Recife e suas regi\u00f5es metropolitanas juntas.&nbsp;<\/p>\n\n\n\n<p>O levantamento do IFC foi realizado entre os dias 01 e 28, a pedido do CORREIO. De acordo com os dados, foram 68 mortes e 13 feridos em 71 tiroteios durante opera\u00e7\u00f5es policiais na capital baianae RMS, que conta hoje com 3,4 milh\u00f5es de habitantes, segundo o censo divulgado neste ano pelo Instituto Brasileiro de Geografia e Estat\u00edstica (IBGE). J\u00e1 no Rio de Janeiro e na sua regi\u00e3o metropolitana, que supera em quatro vezes a popula\u00e7\u00e3o da regi\u00e3o metropolitana baiana (12,1 milh\u00f5es de habitantes), neste mesmo per\u00edodo, contabilizou 13 \u00f3bitos e 21 feridos durante 33 confrontos policiais.<\/p>\n\n\n\n<p>Em Recife e regi\u00e3o metropolitana, com 3,4 milh\u00f5es de moradores, o IFC registrou 6 mortes durante 10 epis\u00f3dios de auto de resist\u00eancias \u2013 quatro pessoas sa\u00edram feridas. O instituto usa tecnologia para produzir e divulgar dados abertos e colaborativos sobre viol\u00eancia armada. Com uma metodologia pr\u00f3pria, o laborat\u00f3rio de dados da institui\u00e7\u00e3o produz 40 indicadores in\u00e9ditos sobre viol\u00eancia nas regi\u00f5es metropolitanas do Rio, do Recife e de Salvador.<\/p>\n\n\n\n<p><strong>Bahia<\/strong><\/p>\n\n\n\n<p>Na Bahia, o n\u00famero de mortes em confrontos com as for\u00e7as de seguran\u00e7a em setembro chegou a pelo menos 82. Isso representa quase 3 mortes por dia no estado em a\u00e7\u00f5es policiais.<\/p>\n\n\n\n<p>Esse dado engloba o levantamento do IFC, at\u00e9 quinta (28), e casos ocorridos at\u00e9 s\u00e1bado (30) atualizados pela reportagem em mat\u00e9rias j\u00e1 publicadas, al\u00e9m de casos registrados em cidades n\u00e3o monitoradas pelo instituto. Tentamos com o IFC, neste domingo (1\u00ba), a atualiza\u00e7\u00e3o do levantamento at\u00e9 o dia 30. Mas, de acordo com o instituto, esse n\u00famero s\u00f3 ser\u00e1 divulgado nesta segunda (2).<\/p>\n\n\n\n<p>Na sexta (29), foram registradas nove mortes: uma em Salinas da Margarida, tr\u00eas em Salvador, quatro em Santo Amaro e mais uma em Itapetinga. Al\u00e9m disso, na ter\u00e7a (26), ocorreram cinco mortes em Acajutiba, cidade n\u00e3o monitorada pelo IFC.<\/p>\n\n\n\n<p>Em Salvador, dois suspeitos foram mortos por policiais militares ap\u00f3s confronto no bairro de Nova Bras\u00edlia, durante a Opera\u00e7\u00e3o Alvorada, deflagrada na madrugada desta sexta. Segundo a Pol\u00edcia Militar (PM-Ba) foram apreendidos um rev\u00f3lver calibre 38, com quatro muni\u00e7\u00f5es usadas e uma intacta, uma pistola 9mm e uma mochila com por\u00e7\u00f5es de coca\u00edna, maconha e uma balan\u00e7a de precis\u00e3o.<\/p>\n\n\n\n<p>A terceira morte registrada em Salvador na sexta ocorreu no bairro de Val\u00e9ria, mesma localidade onde cinco pessoas morreram h\u00e1 15 dias, entre eles o policial federal Lucas Carib\u00e9, que ganhou repercuss\u00e3o nacional. Policiais militares, civis e federais da For\u00e7a Integrada de Combate ao Crime Organizado (FICCO) realizaram uma opera\u00e7\u00e3o no bairro que terminou com um homem morto ap\u00f3s confronto, um preso e apreens\u00f5es de drogas, armas e celulares.<\/p>\n\n\n\n<p>A v\u00edtima de Salinas das Margaridas chegou a ser socorrida para uma unidade de sa\u00fade ap\u00f3s trocar tiros com policiais do 23\u00b0 Batalh\u00e3o de Pol\u00edcia Militar (BPM), mas ele n\u00e3o resistiu aos ferimentos e morreu no hospital, segundo informa\u00e7\u00f5es da guarni\u00e7\u00e3o. Os PMs faziam uma ronda quando se depararam com o suspeito armado.<\/p>\n\n\n\n<p>Em Santo Amaro, quatro homens morreram durante uma opera\u00e7\u00e3o policial no distrito de Acupe. Policiais militares foram at\u00e9 a Rua da Prainha para averiguar den\u00fancia de que homens armados estavam vendendo drogas na regi\u00e3o.<\/p>\n\n\n\n<p>Segundo a Pol\u00edcia Militar, as equipes surpreenderam o grupo e houve tiroteio. Quando o confronto cessou quatro homens estavam feridos. Eles foram socorridos para o Hospital Nossa Senhora Natividade, em Santo Amaro, mas n\u00e3o resistiram aos ferimentos e morreram. Os policiais aprenderam com eles armas, drogas e R$ 4 mil.<\/p>\n\n\n\n<p>Em Itapetinga, o confronto foi entre policiais e um suspeito no distrito de Itaj\u00e1. A Pol\u00edcia Militar disse para a TV Santa Cruz que o homem era investigado por participar de uma tentativa de homic\u00eddio ocorrida na ter\u00e7a-feira (26), na cidade de Firmino Alves, no Sul da Bahia. A fam\u00edlia dele negou o envolvimento com o crime e fez um protesto interditando a BA-262. O homem foi socorrido, mas chegou ao hospital sem vida.<\/p>\n\n\n\n<p>Em Acajatiba, cinco suspeitos de tr\u00e1fico de drogas foram mortos pela Pol\u00edcia Militar durante a Opera\u00e7\u00e3o Paz, a\u00e7\u00e3o que apreendeu seis armas de fogo, maconha, coca\u00edna e crack na localidade conhecida como Estrada do Cumbe. Segundo a PM, as equipes faziam intensifica\u00e7\u00e3o de policiamento quando foram acionadas com den\u00fancia de que homens fortemente armados estavam escondidos em um abrigo improvisado em uma \u00e1rea de mata. Quando os policiais chegaram, o bando tentou fugir, mas houve tiroteio.<\/p>\n\n\n\n<p><strong>Anistia<\/strong><\/p>\n\n\n\n<p>A Anistia Internacional divulgou, na quarta-feira (27), nota p\u00fablica criticando o governo da Bahia pelo n\u00famero de mortes registradas no estado em confrontos com policiais. \u201cA Anistia Internacional Brasil exige a a\u00e7\u00e3o contundente das autoridades em \u00e2mbito estadual e federal, para responsabiliza\u00e7\u00e3o de todos os envolvidos nas a\u00e7\u00f5es que levaram a essas mortes, incluindo cadeias de comando. Para isso devem ser instauradas investiga\u00e7\u00f5es c\u00e9leres, imparciais e efetivas, os agentes que tiveram participa\u00e7\u00e3o direta devem ser afastados e as armas utilizadas acauteladas\u201d, diz a nota.<\/p>\n\n\n\n<p>Para a Anistia Internacional, o combate \u00e0s drogas e ao crime organizado \u201cn\u00e3o podem ser usados como justificativas para graves viola\u00e7\u00f5es de direitos humanos por parte do Estado\u201d. No dia 25, o governador Jer\u00f4nimo Rodrigues reuniu-se com o ministro da Justi\u00e7a e Seguran\u00e7a P\u00fablica, Fl\u00e1vio Dino, em Bras\u00edlia, para solicitar refor\u00e7os. Dino garantiu a amplia\u00e7\u00e3o de recursos para compra de equipamentos e tecnologias, com o objetivo de fortalecer as opera\u00e7\u00f5es conjuntas.<\/p>\n\n\n\n<figure class=\"wp-block-image size-full\"><img decoding=\"async\" src=\"https:\/\/cidadebaixaonline.com.br\/wp-content\/uploads\/2023\/10\/image-1.png\" alt=\"\" class=\"wp-image-4613\"\/><\/figure>\n\n\n\n<p><strong>Especialistas<\/strong><\/p>\n\n\n\n<p>O CORREIO procurou especialistas em seguran\u00e7a p\u00fablica para comentar o levantamento do IFC. \u201cOs dados d\u00e3o o tom dos n\u00fameros de guerra que estamos enfrentando, s\u00e3o quase tr\u00eas mortos por dia. O modelo de seguran\u00e7a p\u00fablica calcada na \u2018guerra \u00e0s drogas\u2019 faliu. Parte das institui\u00e7\u00f5es reconhecem a fal\u00eancia, inclusive o Ministro da Justi\u00e7a e Seguran\u00e7a P\u00fablica, Fl\u00e1vio Dino, disse que o contexto da seguran\u00e7a na Bahia \u2018\u00e9 um dos maiores desafios da seguran\u00e7a p\u00fablica no Brasil\u2019\u201d, disse Wagner Moreira, do Instituto IDEAS.<\/p>\n\n\n\n<p>O coronel Ant\u00f4nio Jorge, coordenador do curso de Direito do Centro Universit\u00e1rio Est\u00e1cio FIB da Bahia, disse que \u201cn\u00f3s j\u00e1 ultrapassamos, assim como aconteceu no Rio de Janeiro, os limites de a\u00e7\u00f5es meramente policiais\u201d. \u201cEstamos numa guerra n\u00e3o declarada contra essas fac\u00e7\u00f5es criminosas, que por sua vez, brigam entre si pelo dom\u00ednio dos territ\u00f3rios. Qual a alternativa que resta ao sistema de seguran\u00e7a p\u00fablicas? Assistir os confrontos entre o crime organizado ou intervir? Na maioria dessas opera\u00e7\u00f5es, a pol\u00edcia foi acionada em fun\u00e7\u00e3o de tiroteios. E quando os policiais chegam nessas localidades, os membros dessas organiza\u00e7\u00f5es n\u00e3o hesitam em confrontar e emboscar os agentes de seguran\u00e7a\u201d, declarou.<\/p>\n\n\n\n<p>De acordo com o Departamento de Comunica\u00e7\u00e3o Social (DCS) da Pol\u00edcia Militar, foram cinco policiais militares mortos neste ano \u2013 quatro estavam de folga. No ano passado, 12 PMs perderam a vida (um de servi\u00e7o, oito de folga e tr\u00eas na reserva).<\/p>\n\n\n\n<p><strong>Opera\u00e7\u00f5es<\/strong><\/p>\n\n\n\n<p>A maior parte dos casos registrados neste m\u00eas foi em decorr\u00eancia de opera\u00e7\u00f5es policiais de combate ao tr\u00e1fico. No Alto das Pombas, 10 suspeitos foram mortos em confronto com a Pol\u00edcia Militar entre os dias 4 e 5 de setembro. Antes disso, na localidade, houve confronto entre as fac\u00e7\u00f5es do Bonde do Maluco (BDM), que tem atua\u00e7\u00e3o na \u00e1rea, e o Comando Vermelho (CV), grupo rival que tenta invadir a lugar e tomar a regi\u00e3o. A pol\u00edcia precisou refor\u00e7ar a a\u00e7\u00e3o no local, sobretudo depois que moradores foram feitos ref\u00e9ns. Oito pessoas foram presas.<\/p>\n\n\n\n<p>No dia 15, o bairro de Val\u00e9ria foi palco de uma megaopera\u00e7\u00e3o das policiais Civil e Federal deram in\u00edcio \u00e0 Opera\u00e7\u00e3o Fauda, que resultou na morte do policial federal Lucas Carib\u00e9 Monteiro, 42 anos, e de quatro homens suspeitos de fazerem parte de um grupo criminoso. O CORREIO mostrou que o bairro tem um hist\u00f3rico antigo de disputa de fac\u00e7\u00f5es por possuir localiza\u00e7\u00e3o que facilita a atua\u00e7\u00e3o da criminalidade.<\/p>\n\n\n\n<figure class=\"wp-block-image size-full\"><img decoding=\"async\" src=\"https:\/\/cidadebaixaonline.com.br\/wp-content\/uploads\/2023\/10\/image.png\" alt=\"\" class=\"wp-image-4612\"\/><\/figure>\n\n\n\n<p>No dia 22, a Pol\u00edcia Civil iniciou a Opera\u00e7\u00e3o Saigon, em \u00c1guas Claras. Pelo menos seis pessoas morreram e 15 foram presas. Uma dessas mortes ocorreu em um conjunto de apartamentos na Rua Presidente M\u00e9dici, onde moradores afirmam ter acontecido &#8216;uma execu\u00e7\u00e3o&#8217; por parte de agentes da pol\u00edcia, que arrombaram resid\u00eancias e renderam um jovem identificado como Lucas, que estaria entre os alvos da opera\u00e7\u00e3o que, no dia, cumpria mandados de pris\u00e3o e busca e apreens\u00e3o contra um grupo investigado por tr\u00e1fico e mais de 30 homic\u00eddios.<\/p>\n\n\n\n<p>&#8220;Eles chegaram no pr\u00e9dio, invadiram o apartamento do segundo andar onde meu genro estava e levaram para o terceiro. No apartamento 303, onde minha m\u00e3e mora, arrombaram a porta, quebraram tudo e deram v\u00e1rios tiros depois que botaram todo mundo para fora e ficaram com ele l\u00e1 dentro&#8221;, afirmou o sogro do jovem no dia ao CORREIO. Ele disse ainda que o rapaz nunca teve passagem pela pol\u00edcia ou envolvimento com o crime e que n\u00e3o houve resist\u00eancia quando os policiais chegaram nos apartamentos do conjunto no Bloco 22. De acordo com ele, enquanto estava fora do apartamento, foi poss\u00edvel ouvir oito disparos vindos do local. A opera\u00e7o foi conduzida pelo Departamento de Homic\u00eddios e Prote\u00e7\u00e3o \u00e0 Pessoa (DHPP) e contou tamb\u00e9m com a participa\u00e7\u00e3o e apoio da Pol\u00edcia Federal.<\/p>\n\n\n\n<p>Nesta quarta-feira (27), dois homens foram mortos pela pol\u00edcia na regi\u00e3o de Vila Praiana, em Lauro de Freitas, Regi\u00e3o Metropolitana de Salvador. Segundo a Pol\u00edcia Civil, equipes do Departamento Especializado de Investiga\u00e7\u00f5es Criminais (Deic) e da Coordena\u00e7\u00e3o de Opera\u00e7\u00f5es e Recursos Especiais (Core) faziam buscas na regi\u00e3o para localizar suspeitos de tr\u00e1fico de drogas quando foram recebidas a tiros. Houve revide e dois dos suspeitos foram baleados.<\/p>\n\n\n\n<p><strong>Posicionamento<\/strong><\/p>\n\n\n\n<p>Sobre os n\u00fameros do IFC, a Pol\u00edcia Civil informou que \u201cn\u00e3o comenta dados coletados por outras institui\u00e7\u00f5es\u201d. O CORREIO tamb\u00e9m pediu um posicionamento \u00e0 Pol\u00edcia Militar da Bahia (PM\/BA) e \u00e0 Secretaria de Seguran\u00e7a P\u00fablica da Bahia (SSP\/BA), mas at\u00e9 o momento n\u00e3o houve resposta.<\/p>\n\n\n\n<p>Fonte: Jornal Correio <\/p>\n","protected":false},"excerpt":{"rendered":"<p>(IFC), que aponta a capital e a regi\u00e3o metropolitana (RMS) da Bahiacomo a mais letal em opera\u00e7\u00f5es policiais, entre as regi\u00f5es em que o \u00f3rg\u00e3o de pesquisa atua na coleta de dados. Ou seja, segundo o IFC, no m\u00eas de setembro, Salvador e RMS tiveram tr\u00eas vezes mais mortes do que as cidades do Rio [&hellip;]<\/p>\n","protected":false},"author":2,"featured_media":4593,"comment_status":"open","ping_status":"open","sticky":false,"template":"","format":"standard","meta":{"footnotes":""},"categories":[105],"tags":[],"class_list":["post-4592","post","type-post","status-publish","format-standard","has-post-thumbnail","hentry","category-policia"],"_links":{"self":[{"href":"https:\/\/suburbionoar.com.br\/index.php\/wp-json\/wp\/v2\/posts\/4592","targetHints":{"allow":["GET"]}}],"collection":[{"href":"https:\/\/suburbionoar.com.br\/index.php\/wp-json\/wp\/v2\/posts"}],"about":[{"href":"https:\/\/suburbionoar.com.br\/index.php\/wp-json\/wp\/v2\/types\/post"}],"author":[{"embeddable":true,"href":"https:\/\/suburbionoar.com.br\/index.php\/wp-json\/wp\/v2\/users\/2"}],"replies":[{"embeddable":true,"href":"https:\/\/suburbionoar.com.br\/index.php\/wp-json\/wp\/v2\/comments?post=4592"}],"version-history":[{"count":1,"href":"https:\/\/suburbionoar.com.br\/index.php\/wp-json\/wp\/v2\/posts\/4592\/revisions"}],"predecessor-version":[{"id":4594,"href":"https:\/\/suburbionoar.com.br\/index.php\/wp-json\/wp\/v2\/posts\/4592\/revisions\/4594"}],"wp:featuredmedia":[{"embeddable":true,"href":"https:\/\/suburbionoar.com.br\/index.php\/wp-json\/wp\/v2\/media\/4593"}],"wp:attachment":[{"href":"https:\/\/suburbionoar.com.br\/index.php\/wp-json\/wp\/v2\/media?parent=4592"}],"wp:term":[{"taxonomy":"category","embeddable":true,"href":"https:\/\/suburbionoar.com.br\/index.php\/wp-json\/wp\/v2\/categories?post=4592"},{"taxonomy":"post_tag","embeddable":true,"href":"https:\/\/suburbionoar.com.br\/index.php\/wp-json\/wp\/v2\/tags?post=4592"}],"curies":[{"name":"wp","href":"https:\/\/api.w.org\/{rel}","templated":true}]}}