{"id":4571,"date":"2023-09-29T11:42:08","date_gmt":"2023-09-29T14:42:08","guid":{"rendered":"https:\/\/suburbionoar.com.br\/?p=4571"},"modified":"2023-09-29T11:42:10","modified_gmt":"2023-09-29T14:42:10","slug":"pastor-henrique-vieira-se-emociona-apos-projeto-de-lei-que-proibe-casamento-homoafetivo-ser-retirado-de-pauta","status":"publish","type":"post","link":"https:\/\/suburbionoar.com.br\/index.php\/2023\/09\/29\/pastor-henrique-vieira-se-emociona-apos-projeto-de-lei-que-proibe-casamento-homoafetivo-ser-retirado-de-pauta\/","title":{"rendered":"Pastor Henrique Vieira se emociona ap\u00f3s projeto de lei que pro\u00edbe casamento homoafetivo ser retirado\u00a0de\u00a0pauta"},"content":{"rendered":"\n<p>O\u00a0deputado federal Pastor Henrique Vieira (PSOL-SP)\u00a0publicou um texto para comemorar a vit\u00f3ria do campo progressista sobre a extrema direita na Comiss\u00e3o de Previd\u00eancia e Fam\u00edlia. Ap\u00f3s mais de 6 horas de discuss\u00e3o, a vota\u00e7\u00e3o do projeto que pro\u00edbe o reconhecimento do casamento entre pessoas do mesmo sexo foi adiada.<\/p>\n\n\n\n<p>Em seu Instagram, o pastor publicou uma foto em que aparece emocionado, e celebrou a retirada para vota\u00e7\u00e3o do relat\u00f3rio. <\/p>\n\n\n\n<p>&#8220;Deus, lembro-me das minhas primeiras ora\u00e7\u00f5es, ainda t\u00e3o menino. Voc\u00ea conhece meus passos e meu cora\u00e7\u00e3o. E, na minha fr\u00e1gil humanidade, repleta de fraquezas e contradi\u00e7\u00f5es, tenho encontrado a beleza do Teu amor&#8221;, inicia.<\/p>\n\n\n\n<p>&#8220;O mundo, por vezes, \u00e9 t\u00e3o pesado. As lutas parecem em v\u00e3o, e me pergunto a raz\u00e3o de tantas batalhas. \u00c9 estranho ver o mundo doer em mim! Mas como esquecer dos rostos que vi? Deus, que minha f\u00e9 seja permeada por um radical amor. Que o terno e a gravata n\u00e3o engessem meus afetos. Que eu saiba bem a raz\u00e3o de estar aqui: crian\u00e7as querendo comer e brincar; pessoas que s\u00f3 querem o direito de amar sem medo; povos que s\u00f3 querem na terra plantar e da Terra cuidar; artistas querendo dan\u00e7ar, jovens querendo sonhar; pessoas nas ruas querendo um teto para morar&#8221;, continua o deputado.<\/p>\n\n\n\n<p>Por fim, Henrique Vieira defende que o amor de Deus \u00e9 &#8220;para todos&#8221; e que &#8220;tem um arco-\u00edris de diversidade e abra\u00e7os negros de liberdade&#8221;.<\/p>\n\n\n\n<p>Fonte: Bnews <\/p>\n","protected":false},"excerpt":{"rendered":"<p>O\u00a0deputado federal Pastor Henrique Vieira (PSOL-SP)\u00a0publicou um texto para comemorar a vit\u00f3ria do campo progressista sobre a extrema direita na Comiss\u00e3o de Previd\u00eancia e Fam\u00edlia. Ap\u00f3s mais de 6 horas de discuss\u00e3o, a vota\u00e7\u00e3o do projeto que pro\u00edbe o reconhecimento do casamento entre pessoas do mesmo sexo foi adiada. Em seu Instagram, o pastor publicou [&hellip;]<\/p>\n","protected":false},"author":2,"featured_media":4572,"comment_status":"open","ping_status":"open","sticky":false,"template":"","format":"standard","meta":{"footnotes":""},"categories":[85],"tags":[],"class_list":["post-4571","post","type-post","status-publish","format-standard","has-post-thumbnail","hentry","category-noticias"],"_links":{"self":[{"href":"https:\/\/suburbionoar.com.br\/index.php\/wp-json\/wp\/v2\/posts\/4571","targetHints":{"allow":["GET"]}}],"collection":[{"href":"https:\/\/suburbionoar.com.br\/index.php\/wp-json\/wp\/v2\/posts"}],"about":[{"href":"https:\/\/suburbionoar.com.br\/index.php\/wp-json\/wp\/v2\/types\/post"}],"author":[{"embeddable":true,"href":"https:\/\/suburbionoar.com.br\/index.php\/wp-json\/wp\/v2\/users\/2"}],"replies":[{"embeddable":true,"href":"https:\/\/suburbionoar.com.br\/index.php\/wp-json\/wp\/v2\/comments?post=4571"}],"version-history":[{"count":1,"href":"https:\/\/suburbionoar.com.br\/index.php\/wp-json\/wp\/v2\/posts\/4571\/revisions"}],"predecessor-version":[{"id":4573,"href":"https:\/\/suburbionoar.com.br\/index.php\/wp-json\/wp\/v2\/posts\/4571\/revisions\/4573"}],"wp:featuredmedia":[{"embeddable":true,"href":"https:\/\/suburbionoar.com.br\/index.php\/wp-json\/wp\/v2\/media\/4572"}],"wp:attachment":[{"href":"https:\/\/suburbionoar.com.br\/index.php\/wp-json\/wp\/v2\/media?parent=4571"}],"wp:term":[{"taxonomy":"category","embeddable":true,"href":"https:\/\/suburbionoar.com.br\/index.php\/wp-json\/wp\/v2\/categories?post=4571"},{"taxonomy":"post_tag","embeddable":true,"href":"https:\/\/suburbionoar.com.br\/index.php\/wp-json\/wp\/v2\/tags?post=4571"}],"curies":[{"name":"wp","href":"https:\/\/api.w.org\/{rel}","templated":true}]}}