{"id":4567,"date":"2023-09-29T11:24:06","date_gmt":"2023-09-29T14:24:06","guid":{"rendered":"https:\/\/suburbionoar.com.br\/?p=4567"},"modified":"2023-09-29T11:24:08","modified_gmt":"2023-09-29T14:24:08","slug":"primeira-ministra-negra-do-tse-edilene-lobo-estreia-no-tribunal-esse-lugar-nao-e-so-meu","status":"publish","type":"post","link":"https:\/\/suburbionoar.com.br\/index.php\/2023\/09\/29\/primeira-ministra-negra-do-tse-edilene-lobo-estreia-no-tribunal-esse-lugar-nao-e-so-meu\/","title":{"rendered":"Primeira ministra negra do TSE, Edilene L\u00f4bo estreia no tribunal: \u201cEsse lugar n\u00e3o \u00e9 s\u00f3 meu\u201d"},"content":{"rendered":"\n<p>Primeira ministra negra em toda a hist\u00f3ria do Tribunal Superior Eleitoral (TSE), Edilene L\u00f4bo estreou na Corte nesta quinta-feira (28) e durante o seu discurso refor\u00e7ou a necessidade do combate \u00e0 desigualdade tamb\u00e9m dentro do judici\u00e1rio brasileiro.&nbsp;L\u00f4bo participou da sess\u00e3o substituindo o ministro titular Andr\u00e9 Ramos Tavares pela classe dos juristas.&nbsp;<\/p>\n\n\n\n<p>\u201cEsse lugar onde estou n\u00e3o \u00e9 s\u00f3 meu, n\u00e3o \u00e9 s\u00f3 de uma pessoa. Este lugar e esta miss\u00e3o s\u00e3o a um s\u00f3 tempo resultado e ponto de partida de lutas hist\u00f3ricas de grupos minorizados para vencer a heran\u00e7a estrutural de desigualdade de oportunidades que precisa ser superada em nossa na\u00e7\u00e3o\u201d, afirmou&nbsp; a ministra substituta.<\/p>\n\n\n\n<p>Ela refor\u00e7ou a necessidade e a import\u00e2ncia do olhar sensibilizado, pelo Poder Judici\u00e1rio, para as quest\u00f5es de g\u00eanero e ra\u00e7a, al\u00e9m de louvar a iniciativa do Conselho Nacional de Justi\u00e7a (CNJ) que aprovou, na gest\u00e3o da ministra Rosa Weber, o crit\u00e9rio da paridade de g\u00eanero para a composi\u00e7\u00e3o dos tribunais.&nbsp;<\/p>\n\n\n\n<p>\u201cEssa \u00e9 uma pol\u00edtica afirmativa extremamente relevante para viabilizar a justa promo\u00e7\u00e3o de mulheres na magistratura na composi\u00e7\u00e3o das Cortes\u201d, afirmou Edilene.<\/p>\n\n\n\n<p>A ministra Edilene L\u00f4bo falou, ainda, que o Brasil precisa vencer uma heran\u00e7a estrutural de desigualdade de oportunidades com rela\u00e7\u00e3o \u00e0s mulheres negras. \u201cN\u00f3s, negras, somos apenas 5% da magistratura nacional. H\u00e1 apenas uma senadora autodeclarada negra, portanto menos de 1% do Senado. S\u00e3o 30 as deputadas federais, o que corresponde a cerca de 6% da C\u00e2mara. As mulheres negras ocupam 3% dos cargos de lideran\u00e7a no mundo corporativo, mas 65% das empregadas dom\u00e9sticas no Brasil s\u00e3o negras\u201d, apontou ela.<\/p>\n\n\n\n<p>A ministra ainda agradeceu a ministra C\u00e1rmen L\u00facia &#8220;pelo cuidado e apoio que sempre me oferece nessa trilha por vezes pedregosa, aberta por Vossa Excel\u00eancia\u201d.\u00a0<\/p>\n\n\n\n<p>Fonte: Bahia Not\u00edcias <\/p>\n","protected":false},"excerpt":{"rendered":"<p>Primeira ministra negra em toda a hist\u00f3ria do Tribunal Superior Eleitoral (TSE), Edilene L\u00f4bo estreou na Corte nesta quinta-feira (28) e durante o seu discurso refor\u00e7ou a necessidade do combate \u00e0 desigualdade tamb\u00e9m dentro do judici\u00e1rio brasileiro.&nbsp;L\u00f4bo participou da sess\u00e3o substituindo o ministro titular Andr\u00e9 Ramos Tavares pela classe dos juristas.&nbsp; \u201cEsse lugar onde estou [&hellip;]<\/p>\n","protected":false},"author":2,"featured_media":4568,"comment_status":"open","ping_status":"open","sticky":false,"template":"","format":"standard","meta":{"footnotes":""},"categories":[85],"tags":[],"class_list":["post-4567","post","type-post","status-publish","format-standard","has-post-thumbnail","hentry","category-noticias"],"_links":{"self":[{"href":"https:\/\/suburbionoar.com.br\/index.php\/wp-json\/wp\/v2\/posts\/4567","targetHints":{"allow":["GET"]}}],"collection":[{"href":"https:\/\/suburbionoar.com.br\/index.php\/wp-json\/wp\/v2\/posts"}],"about":[{"href":"https:\/\/suburbionoar.com.br\/index.php\/wp-json\/wp\/v2\/types\/post"}],"author":[{"embeddable":true,"href":"https:\/\/suburbionoar.com.br\/index.php\/wp-json\/wp\/v2\/users\/2"}],"replies":[{"embeddable":true,"href":"https:\/\/suburbionoar.com.br\/index.php\/wp-json\/wp\/v2\/comments?post=4567"}],"version-history":[{"count":1,"href":"https:\/\/suburbionoar.com.br\/index.php\/wp-json\/wp\/v2\/posts\/4567\/revisions"}],"predecessor-version":[{"id":4569,"href":"https:\/\/suburbionoar.com.br\/index.php\/wp-json\/wp\/v2\/posts\/4567\/revisions\/4569"}],"wp:featuredmedia":[{"embeddable":true,"href":"https:\/\/suburbionoar.com.br\/index.php\/wp-json\/wp\/v2\/media\/4568"}],"wp:attachment":[{"href":"https:\/\/suburbionoar.com.br\/index.php\/wp-json\/wp\/v2\/media?parent=4567"}],"wp:term":[{"taxonomy":"category","embeddable":true,"href":"https:\/\/suburbionoar.com.br\/index.php\/wp-json\/wp\/v2\/categories?post=4567"},{"taxonomy":"post_tag","embeddable":true,"href":"https:\/\/suburbionoar.com.br\/index.php\/wp-json\/wp\/v2\/tags?post=4567"}],"curies":[{"name":"wp","href":"https:\/\/api.w.org\/{rel}","templated":true}]}}