{"id":4564,"date":"2023-09-29T11:06:02","date_gmt":"2023-09-29T14:06:02","guid":{"rendered":"https:\/\/suburbionoar.com.br\/?p=4564"},"modified":"2023-09-29T11:06:04","modified_gmt":"2023-09-29T14:06:04","slug":"quarto-envolvido-em-morte-de-corpo-deixado-na-barra-e-preso","status":"publish","type":"post","link":"https:\/\/suburbionoar.com.br\/index.php\/2023\/09\/29\/quarto-envolvido-em-morte-de-corpo-deixado-na-barra-e-preso\/","title":{"rendered":"Quarto envolvido em morte de corpo deixado na Barra \u00e9 preso"},"content":{"rendered":"\n<p>Um homem de 18 anos foi preso, na tarde desta quinta-feira (28), na Av. Sete de Setembro, por equipes do Setor de Investiga\u00e7\u00e3o da 1\u00aa Delegacia de Homic\u00eddios (DH\/Atl\u00e2ntico), do Departamento de Homic\u00eddios e Prote\u00e7\u00e3o \u00e0 Pessoa (DHPP). Ele \u00e9 suspeito de envolvimento na morte de Uziel Silva da Hora, cujo corpo foi encontrado em uma caixa de isopor, na orla da Barra, no dia 30 de julho.&nbsp;<\/p>\n\n\n\n<p>Ele teve o mandado de pris\u00e3o cumprido e tamb\u00e9m foi autuado em flagrante por tr\u00e1fico de drogas, visto que, com ele, estavam 30 pinos de coca\u00edna j\u00e1 embaladas para a comercializa\u00e7\u00e3o. Tamb\u00e9m foram apreendidos um celular e uma quantia em dinheiro.<\/p>\n\n\n\n<p>O primeiro suspeito de participa\u00e7\u00e3o no crime foi preso 24 horas depois, no dia 31 de julho. O segundo, no dia 14 de agosto. Um terceiro envolvido teve o mandado cumprido na quarta-feira (27).&nbsp;<\/p>\n\n\n\n<p>O homem preso nesta quinta j\u00e1 passou pelos exames de les\u00f5es corporais de praxe e foi encaminhado a uma unidade policial de Salvador, onde est\u00e1 custodiado, \u00e0 disposi\u00e7\u00e3o do Poder Judici\u00e1rio. Os entorpecentes foram apresentados na 1\u00aa DH\/Atl\u00e2ntico e passar\u00e3o por per\u00edcia.<\/p>\n\n\n\n<p>Fonte: TRBN<\/p>\n","protected":false},"excerpt":{"rendered":"<p>Um homem de 18 anos foi preso, na tarde desta quinta-feira (28), na Av. Sete de Setembro, por equipes do Setor de Investiga\u00e7\u00e3o da 1\u00aa Delegacia de Homic\u00eddios (DH\/Atl\u00e2ntico), do Departamento de Homic\u00eddios e Prote\u00e7\u00e3o \u00e0 Pessoa (DHPP). Ele \u00e9 suspeito de envolvimento na morte de Uziel Silva da Hora, cujo corpo foi encontrado em [&hellip;]<\/p>\n","protected":false},"author":2,"featured_media":4565,"comment_status":"open","ping_status":"open","sticky":false,"template":"","format":"standard","meta":{"footnotes":""},"categories":[105],"tags":[],"class_list":["post-4564","post","type-post","status-publish","format-standard","has-post-thumbnail","hentry","category-policia"],"_links":{"self":[{"href":"https:\/\/suburbionoar.com.br\/index.php\/wp-json\/wp\/v2\/posts\/4564","targetHints":{"allow":["GET"]}}],"collection":[{"href":"https:\/\/suburbionoar.com.br\/index.php\/wp-json\/wp\/v2\/posts"}],"about":[{"href":"https:\/\/suburbionoar.com.br\/index.php\/wp-json\/wp\/v2\/types\/post"}],"author":[{"embeddable":true,"href":"https:\/\/suburbionoar.com.br\/index.php\/wp-json\/wp\/v2\/users\/2"}],"replies":[{"embeddable":true,"href":"https:\/\/suburbionoar.com.br\/index.php\/wp-json\/wp\/v2\/comments?post=4564"}],"version-history":[{"count":1,"href":"https:\/\/suburbionoar.com.br\/index.php\/wp-json\/wp\/v2\/posts\/4564\/revisions"}],"predecessor-version":[{"id":4566,"href":"https:\/\/suburbionoar.com.br\/index.php\/wp-json\/wp\/v2\/posts\/4564\/revisions\/4566"}],"wp:featuredmedia":[{"embeddable":true,"href":"https:\/\/suburbionoar.com.br\/index.php\/wp-json\/wp\/v2\/media\/4565"}],"wp:attachment":[{"href":"https:\/\/suburbionoar.com.br\/index.php\/wp-json\/wp\/v2\/media?parent=4564"}],"wp:term":[{"taxonomy":"category","embeddable":true,"href":"https:\/\/suburbionoar.com.br\/index.php\/wp-json\/wp\/v2\/categories?post=4564"},{"taxonomy":"post_tag","embeddable":true,"href":"https:\/\/suburbionoar.com.br\/index.php\/wp-json\/wp\/v2\/tags?post=4564"}],"curies":[{"name":"wp","href":"https:\/\/api.w.org\/{rel}","templated":true}]}}