{"id":4561,"date":"2023-09-29T10:51:14","date_gmt":"2023-09-29T13:51:14","guid":{"rendered":"https:\/\/suburbionoar.com.br\/?p=4561"},"modified":"2023-09-29T10:51:16","modified_gmt":"2023-09-29T13:51:16","slug":"wagner-diz-que-governo-lula-precisa-conter-gastos-e-torce-para-banco-central-reduzir-novamente-os-juros","status":"publish","type":"post","link":"https:\/\/suburbionoar.com.br\/index.php\/2023\/09\/29\/wagner-diz-que-governo-lula-precisa-conter-gastos-e-torce-para-banco-central-reduzir-novamente-os-juros\/","title":{"rendered":"Wagner diz que governo Lula precisa conter gastos e torce para Banco Central reduzir novamente os juros"},"content":{"rendered":"\n<p>O senador Jaques Wagner (PT) afirmou que o governo precisa conter gastos para n\u00e3o sofrer no futuro. A declara\u00e7\u00e3o do parlamentar aconteceu durante entrevista para a\u00a0R\u00e1dio Metropole\u00a0nesta sexta-feira (29). O pol\u00edtico tamb\u00e9m comentou sobre a queda dos juros b\u00e1sicos pelo Banco Central.<\/p>\n\n\n\n<p>Durante a entrevista, Wagner afirmou que o Brasil avan\u00e7a na quest\u00e3o econ\u00f4mica, apesar das dificuldades com a crise fiscal. \u201cA verdade \u00e9 que todo mundo que \u00e9 governante, que \u00e9 governador, prefeito, todo mundo quer folgar no sentido de ter mais or\u00e7amento para poder atender mais&nbsp;demandas da sua cidade e do seu estado. Ou dos seus eleitores, no caso dos seus parlamentares. E n\u00e3o d\u00e1\u201d.<\/p>\n\n\n\n<p>O senador tamb\u00e9m afirmou que conversa com colegas de legenda e sabe que h\u00e1 essa dificuldade com a conte\u00e7\u00e3o de gastos. \u201cEu sei que est\u00e1 apertado. N\u00e3o d\u00e1 para ter a desenvoltura que a gente gostaria. Mas, se gastar antes da hora, n\u00e3o conserta mais\u201d, declarou.<\/p>\n\n\n\n<p>Al\u00e9m disso, o pol\u00edtico tamb\u00e9m comentou sobre a baixa de juros do Banco Central. Neste semestre, o Comit\u00ea de Pol\u00edtica Monet\u00e1ria (Copom) \u00a0j\u00e1 reduziu a taxa Selic, de juros b\u00e1sicos,\u00a0duas vezes. Na semana passada, com uma queda de 0,5 ponto porcentual, a taxa foi para 12,75%. \u201cEspero que abaixe mais. Com juros, n\u00e3o tem jeito. Em geral, usamos o juros para controle da infla\u00e7\u00e3o. Mas a gente n\u00e3o tem infla\u00e7\u00e3o. Em alguns segmentos, t\u00eam at\u00e9 defla\u00e7\u00e3o. Ou seja, cresce negativamente\u201d, completou. <\/p>\n\n\n\n<p>Fonte: Metro1 <\/p>\n","protected":false},"excerpt":{"rendered":"<p>O senador Jaques Wagner (PT) afirmou que o governo precisa conter gastos para n\u00e3o sofrer no futuro. A declara\u00e7\u00e3o do parlamentar aconteceu durante entrevista para a\u00a0R\u00e1dio Metropole\u00a0nesta sexta-feira (29). O pol\u00edtico tamb\u00e9m comentou sobre a queda dos juros b\u00e1sicos pelo Banco Central. Durante a entrevista, Wagner afirmou que o Brasil avan\u00e7a na quest\u00e3o econ\u00f4mica, apesar [&hellip;]<\/p>\n","protected":false},"author":2,"featured_media":4562,"comment_status":"open","ping_status":"open","sticky":false,"template":"","format":"standard","meta":{"footnotes":""},"categories":[91],"tags":[],"class_list":["post-4561","post","type-post","status-publish","format-standard","has-post-thumbnail","hentry","category-politica"],"_links":{"self":[{"href":"https:\/\/suburbionoar.com.br\/index.php\/wp-json\/wp\/v2\/posts\/4561","targetHints":{"allow":["GET"]}}],"collection":[{"href":"https:\/\/suburbionoar.com.br\/index.php\/wp-json\/wp\/v2\/posts"}],"about":[{"href":"https:\/\/suburbionoar.com.br\/index.php\/wp-json\/wp\/v2\/types\/post"}],"author":[{"embeddable":true,"href":"https:\/\/suburbionoar.com.br\/index.php\/wp-json\/wp\/v2\/users\/2"}],"replies":[{"embeddable":true,"href":"https:\/\/suburbionoar.com.br\/index.php\/wp-json\/wp\/v2\/comments?post=4561"}],"version-history":[{"count":1,"href":"https:\/\/suburbionoar.com.br\/index.php\/wp-json\/wp\/v2\/posts\/4561\/revisions"}],"predecessor-version":[{"id":4563,"href":"https:\/\/suburbionoar.com.br\/index.php\/wp-json\/wp\/v2\/posts\/4561\/revisions\/4563"}],"wp:featuredmedia":[{"embeddable":true,"href":"https:\/\/suburbionoar.com.br\/index.php\/wp-json\/wp\/v2\/media\/4562"}],"wp:attachment":[{"href":"https:\/\/suburbionoar.com.br\/index.php\/wp-json\/wp\/v2\/media?parent=4561"}],"wp:term":[{"taxonomy":"category","embeddable":true,"href":"https:\/\/suburbionoar.com.br\/index.php\/wp-json\/wp\/v2\/categories?post=4561"},{"taxonomy":"post_tag","embeddable":true,"href":"https:\/\/suburbionoar.com.br\/index.php\/wp-json\/wp\/v2\/tags?post=4561"}],"curies":[{"name":"wp","href":"https:\/\/api.w.org\/{rel}","templated":true}]}}