{"id":4468,"date":"2023-09-27T16:02:42","date_gmt":"2023-09-27T19:02:42","guid":{"rendered":"https:\/\/suburbionoar.com.br\/?p=4468"},"modified":"2023-09-27T16:02:44","modified_gmt":"2023-09-27T19:02:44","slug":"comissao-do-senado-reage-ao-stf-e-aprova-projeto-de-lei-do-marco-temporal","status":"publish","type":"post","link":"https:\/\/suburbionoar.com.br\/index.php\/2023\/09\/27\/comissao-do-senado-reage-ao-stf-e-aprova-projeto-de-lei-do-marco-temporal\/","title":{"rendered":"Comiss\u00e3o do Senado reage ao STF e aprova projeto de lei do Marco Temporal"},"content":{"rendered":"\n<p>Em oposi\u00e7\u00e3o ao Supremo Tribunal Federal (STF), a Comiss\u00e3o de Constitui\u00e7\u00e3o e Justi\u00e7a (CCJ) do Senado aprovou com maioria, nesta quarta-feira (27), o parecer do senador Marcos Rog\u00e9rio (PL) do projeto de lei do marco temporal. A decis\u00e3o favor\u00e1vel foi determinada&nbsp;por um placar de&nbsp;16 votos contra 10.<\/p>\n\n\n\n<p>O relat\u00f3rio do parlamentar estabelece o ano de 1988, quando a Constitui\u00e7\u00e3o Federal foi promulgada, como marco para a demarca\u00e7\u00e3o das terras ind\u00edgenas, assim como pretende permitir&nbsp;a instala\u00e7\u00e3o de bases, unidades e postos militares nestes territ\u00f3rios, sem que haja a necessidade de consulta \u00e0s comunidades origin\u00e1rias.<\/p>\n\n\n\n<p>Ao longo do m\u00eas de setembro, Marcos Rog\u00e9rio rejeitou todas as emendas sugeridas ao projeto, j\u00e1 deseja aprovar o projeto rapidamente,&nbsp;evitando que o texto precise retornar \u00e0 C\u00e2mara para uma nova an\u00e1lise. \u201cSe n\u00f3s fizermos qualquer modifica\u00e7\u00e3o substancial aqui que v\u00e1 al\u00e9m daquelas emendas de reda\u00e7\u00e3o, essa mat\u00e9ria volta \u00e0 C\u00e2mara dos Deputados, e a\u00ed \u00e9 uma escolha pol\u00edtica &#8211; a\u00ed \u00e9 uma escolha pol\u00edtica. E n\u00f3s estamos diante de um ambiente de inseguran\u00e7a, de inquieta\u00e7\u00e3o, de intranquilidade no Brasil inteiro\u201d, justificou o senador.<\/p>\n\n\n\n<p>A relatora da Comiss\u00e3o Parlamentar Mista de Inqu\u00e9rito (CPMI) do 8 de janeiro, senadora Eliziane Gama (PSD), \u00e9 uma das integrantes do colegiado contr\u00e1rias ao texto. \u201cEste projeto que trata do marco temporal trata e assegura um problema muito s\u00e9rio, e para mim, na verdade, \u00e9 um projeto que acaba sendo feito para aqueles que est\u00e3o em situa\u00e7\u00e3o de invas\u00e3o hoje no Brasil, que s\u00e3o os posseiros\u201d, afirmou.<\/p>\n\n\n\n<p><strong>Decis\u00e3o do Supremo<\/strong><\/p>\n\n\n\n<p>A decis\u00e3o do Senado \u00e9 considerada uma ofensiva contra a Corte, j\u00e1 que a inst\u00e2ncia\u00a0formou maioria, na \u00faltima quinta-feira (21), para rejeitar a tese do marco temporal.\u00a0Por 9 votos a 2, o Plen\u00e1rio entendeu que a data da promulga\u00e7\u00e3o da Constitui\u00e7\u00e3o Federal\u00a0n\u00e3o deve ser utilizada como par\u00e2metro\u00a0para definir no processo de\u00a0ocupa\u00e7\u00e3o de terras pelos povos ind\u00f3genas.<\/p>\n\n\n\n<p>Fonte: Metro1 <\/p>\n","protected":false},"excerpt":{"rendered":"<p>Em oposi\u00e7\u00e3o ao Supremo Tribunal Federal (STF), a Comiss\u00e3o de Constitui\u00e7\u00e3o e Justi\u00e7a (CCJ) do Senado aprovou com maioria, nesta quarta-feira (27), o parecer do senador Marcos Rog\u00e9rio (PL) do projeto de lei do marco temporal. A decis\u00e3o favor\u00e1vel foi determinada&nbsp;por um placar de&nbsp;16 votos contra 10. O relat\u00f3rio do parlamentar estabelece o ano de [&hellip;]<\/p>\n","protected":false},"author":2,"featured_media":4469,"comment_status":"open","ping_status":"open","sticky":false,"template":"","format":"standard","meta":{"footnotes":""},"categories":[85],"tags":[],"class_list":["post-4468","post","type-post","status-publish","format-standard","has-post-thumbnail","hentry","category-noticias"],"_links":{"self":[{"href":"https:\/\/suburbionoar.com.br\/index.php\/wp-json\/wp\/v2\/posts\/4468","targetHints":{"allow":["GET"]}}],"collection":[{"href":"https:\/\/suburbionoar.com.br\/index.php\/wp-json\/wp\/v2\/posts"}],"about":[{"href":"https:\/\/suburbionoar.com.br\/index.php\/wp-json\/wp\/v2\/types\/post"}],"author":[{"embeddable":true,"href":"https:\/\/suburbionoar.com.br\/index.php\/wp-json\/wp\/v2\/users\/2"}],"replies":[{"embeddable":true,"href":"https:\/\/suburbionoar.com.br\/index.php\/wp-json\/wp\/v2\/comments?post=4468"}],"version-history":[{"count":1,"href":"https:\/\/suburbionoar.com.br\/index.php\/wp-json\/wp\/v2\/posts\/4468\/revisions"}],"predecessor-version":[{"id":4470,"href":"https:\/\/suburbionoar.com.br\/index.php\/wp-json\/wp\/v2\/posts\/4468\/revisions\/4470"}],"wp:featuredmedia":[{"embeddable":true,"href":"https:\/\/suburbionoar.com.br\/index.php\/wp-json\/wp\/v2\/media\/4469"}],"wp:attachment":[{"href":"https:\/\/suburbionoar.com.br\/index.php\/wp-json\/wp\/v2\/media?parent=4468"}],"wp:term":[{"taxonomy":"category","embeddable":true,"href":"https:\/\/suburbionoar.com.br\/index.php\/wp-json\/wp\/v2\/categories?post=4468"},{"taxonomy":"post_tag","embeddable":true,"href":"https:\/\/suburbionoar.com.br\/index.php\/wp-json\/wp\/v2\/tags?post=4468"}],"curies":[{"name":"wp","href":"https:\/\/api.w.org\/{rel}","templated":true}]}}