{"id":4439,"date":"2023-09-27T10:42:58","date_gmt":"2023-09-27T13:42:58","guid":{"rendered":"https:\/\/suburbionoar.com.br\/?p=4439"},"modified":"2023-09-27T10:43:00","modified_gmt":"2023-09-27T13:43:00","slug":"jeronimo-tem-encontro-com-alckmin-para-tratar-de-investimentos-na-bahia","status":"publish","type":"post","link":"https:\/\/suburbionoar.com.br\/index.php\/2023\/09\/27\/jeronimo-tem-encontro-com-alckmin-para-tratar-de-investimentos-na-bahia\/","title":{"rendered":"Jer\u00f4nimo tem encontro com Alckmin para tratar de investimentos na Bahia"},"content":{"rendered":"\n<p>O governador da Bahia, Jer\u00f4nimo Rodrigues se reuniu na manh\u00e3 desta ter\u00e7a-feira (26),&nbsp;com o&nbsp;vice-presidente da Rep\u00fablica e ministro do Desenvolvimento, Ind\u00fastria, Com\u00e9rcio e Servi\u00e7os (MDIC), Geraldo Alckmin, para apresentar o cen\u00e1rio de desenvolvimento econ\u00f4mico e de atra\u00e7\u00e3o de investimentos no estado.&nbsp;<\/p>\n\n\n\n<p>A reuni\u00e3o, em Bras\u00edlia, tamb\u00e9m contou com as presen\u00e7as do secret\u00e1rio do MDIC, Uallace Moreira, do secetr\u00e1rio da Casa Civil do Governo da Bahia, Afonso Florence e de Manoel Vit\u00f3rio, secret\u00e1rio da Fazenda do Governo da Bahia.<\/p>\n\n\n\n<p>O governador elencou o interesse de algumas empresas em investir na Bahia, como a BYD, empresa na \u00e1rea de produ\u00e7\u00e3o de ve\u00edcu\u00e7os el\u00e9tricos.&nbsp;<\/p>\n\n\n\n<p>\u201cTrouxemos o desenvolvimento da Bahia para a pauta do minist\u00e9rio. Juntos, discutimos uma nova pol\u00edtica industrial e a atra\u00e7\u00e3o de investimentos, explorando nossos potenciais, girando a economia e criando empregos para baianas e baianos\u201d, contou o Jer\u00f4nimo.<\/p>\n\n\n\n<p>Oportunidades de expandir a economia nos setores qu\u00edmico, petroqu\u00edmico e agroneg\u00f3cio tamb\u00e9m foi pauta durante a reuni\u00e3o. Pol\u00edticas de incentivos fiscais espec\u00edficias para a ind\u00fastria tamb\u00e9m foi um dos temas da conversa, que tem como objetivo acelerar a atra\u00e7\u00e3o de novos empreendimentos.<\/p>\n\n\n\n<p>Fonte: Varela Net <\/p>\n","protected":false},"excerpt":{"rendered":"<p>O governador da Bahia, Jer\u00f4nimo Rodrigues se reuniu na manh\u00e3 desta ter\u00e7a-feira (26),&nbsp;com o&nbsp;vice-presidente da Rep\u00fablica e ministro do Desenvolvimento, Ind\u00fastria, Com\u00e9rcio e Servi\u00e7os (MDIC), Geraldo Alckmin, para apresentar o cen\u00e1rio de desenvolvimento econ\u00f4mico e de atra\u00e7\u00e3o de investimentos no estado.&nbsp; A reuni\u00e3o, em Bras\u00edlia, tamb\u00e9m contou com as presen\u00e7as do secret\u00e1rio do MDIC, Uallace [&hellip;]<\/p>\n","protected":false},"author":2,"featured_media":4440,"comment_status":"open","ping_status":"open","sticky":false,"template":"","format":"standard","meta":{"footnotes":""},"categories":[91],"tags":[],"class_list":["post-4439","post","type-post","status-publish","format-standard","has-post-thumbnail","hentry","category-politica"],"_links":{"self":[{"href":"https:\/\/suburbionoar.com.br\/index.php\/wp-json\/wp\/v2\/posts\/4439","targetHints":{"allow":["GET"]}}],"collection":[{"href":"https:\/\/suburbionoar.com.br\/index.php\/wp-json\/wp\/v2\/posts"}],"about":[{"href":"https:\/\/suburbionoar.com.br\/index.php\/wp-json\/wp\/v2\/types\/post"}],"author":[{"embeddable":true,"href":"https:\/\/suburbionoar.com.br\/index.php\/wp-json\/wp\/v2\/users\/2"}],"replies":[{"embeddable":true,"href":"https:\/\/suburbionoar.com.br\/index.php\/wp-json\/wp\/v2\/comments?post=4439"}],"version-history":[{"count":1,"href":"https:\/\/suburbionoar.com.br\/index.php\/wp-json\/wp\/v2\/posts\/4439\/revisions"}],"predecessor-version":[{"id":4441,"href":"https:\/\/suburbionoar.com.br\/index.php\/wp-json\/wp\/v2\/posts\/4439\/revisions\/4441"}],"wp:featuredmedia":[{"embeddable":true,"href":"https:\/\/suburbionoar.com.br\/index.php\/wp-json\/wp\/v2\/media\/4440"}],"wp:attachment":[{"href":"https:\/\/suburbionoar.com.br\/index.php\/wp-json\/wp\/v2\/media?parent=4439"}],"wp:term":[{"taxonomy":"category","embeddable":true,"href":"https:\/\/suburbionoar.com.br\/index.php\/wp-json\/wp\/v2\/categories?post=4439"},{"taxonomy":"post_tag","embeddable":true,"href":"https:\/\/suburbionoar.com.br\/index.php\/wp-json\/wp\/v2\/tags?post=4439"}],"curies":[{"name":"wp","href":"https:\/\/api.w.org\/{rel}","templated":true}]}}