{"id":4436,"date":"2023-09-27T10:42:16","date_gmt":"2023-09-27T13:42:16","guid":{"rendered":"https:\/\/suburbionoar.com.br\/?p=4436"},"modified":"2023-09-27T10:42:18","modified_gmt":"2023-09-27T13:42:18","slug":"flavio-dino-garante-nova-delegacia-da-policia-federal-em-feira-de-santana","status":"publish","type":"post","link":"https:\/\/suburbionoar.com.br\/index.php\/2023\/09\/27\/flavio-dino-garante-nova-delegacia-da-policia-federal-em-feira-de-santana\/","title":{"rendered":"Fl\u00e1vio Dino garante nova delegacia da Pol\u00edcia Federal em Feira de Santana"},"content":{"rendered":"\n<p>Fl\u00e1vio Dino, atual ministro da justi\u00e7a e seguran\u00e7a p\u00fablica do Brasil, se reuniu com o governador Jer\u00f4nimo, nesta ter\u00e7a-feira(26), em seu gabinete em Bras\u00edlia. Segundo ele, nos pr\u00f3ximos dias uma equipe da pasta vir\u00e1 \u00e0 Bahia para realizar visitas t\u00e9cnicas, para novos investimentos e a\u00e7\u00f5es.&nbsp;<\/p>\n\n\n\n<p>&#8220;Vamos ampliar a destina\u00e7\u00e3o de recursos, de equipamentos e de tecnologia para essas a\u00e7\u00f5es conjuntas, e eu tenho toda a confian\u00e7a de que os resultados, que j\u00e1 est\u00e3o aparecendo, ser\u00e3o cada vez melhores.&#8221;, disse Dino.<\/p>\n\n\n\n<p>O ministro ainda afirmou que, no m\u00eas de outubro, entregar\u00e1 a Delegacia da Pol\u00edcia Federal de Feira de Santana.<\/p>\n\n\n\n<p>&#8220;Para fortalecer o trabalho da PF e da Pol\u00edcia Rodovi\u00e1ria Federal na regi\u00e3o&#8221;.<\/p>\n\n\n\n<p>Fonte: Varela Net <\/p>\n","protected":false},"excerpt":{"rendered":"<p>Fl\u00e1vio Dino, atual ministro da justi\u00e7a e seguran\u00e7a p\u00fablica do Brasil, se reuniu com o governador Jer\u00f4nimo, nesta ter\u00e7a-feira(26), em seu gabinete em Bras\u00edlia. Segundo ele, nos pr\u00f3ximos dias uma equipe da pasta vir\u00e1 \u00e0 Bahia para realizar visitas t\u00e9cnicas, para novos investimentos e a\u00e7\u00f5es.&nbsp; &#8220;Vamos ampliar a destina\u00e7\u00e3o de recursos, de equipamentos e de [&hellip;]<\/p>\n","protected":false},"author":2,"featured_media":4437,"comment_status":"open","ping_status":"open","sticky":false,"template":"","format":"standard","meta":{"footnotes":""},"categories":[85],"tags":[],"class_list":["post-4436","post","type-post","status-publish","format-standard","has-post-thumbnail","hentry","category-noticias"],"_links":{"self":[{"href":"https:\/\/suburbionoar.com.br\/index.php\/wp-json\/wp\/v2\/posts\/4436","targetHints":{"allow":["GET"]}}],"collection":[{"href":"https:\/\/suburbionoar.com.br\/index.php\/wp-json\/wp\/v2\/posts"}],"about":[{"href":"https:\/\/suburbionoar.com.br\/index.php\/wp-json\/wp\/v2\/types\/post"}],"author":[{"embeddable":true,"href":"https:\/\/suburbionoar.com.br\/index.php\/wp-json\/wp\/v2\/users\/2"}],"replies":[{"embeddable":true,"href":"https:\/\/suburbionoar.com.br\/index.php\/wp-json\/wp\/v2\/comments?post=4436"}],"version-history":[{"count":1,"href":"https:\/\/suburbionoar.com.br\/index.php\/wp-json\/wp\/v2\/posts\/4436\/revisions"}],"predecessor-version":[{"id":4438,"href":"https:\/\/suburbionoar.com.br\/index.php\/wp-json\/wp\/v2\/posts\/4436\/revisions\/4438"}],"wp:featuredmedia":[{"embeddable":true,"href":"https:\/\/suburbionoar.com.br\/index.php\/wp-json\/wp\/v2\/media\/4437"}],"wp:attachment":[{"href":"https:\/\/suburbionoar.com.br\/index.php\/wp-json\/wp\/v2\/media?parent=4436"}],"wp:term":[{"taxonomy":"category","embeddable":true,"href":"https:\/\/suburbionoar.com.br\/index.php\/wp-json\/wp\/v2\/categories?post=4436"},{"taxonomy":"post_tag","embeddable":true,"href":"https:\/\/suburbionoar.com.br\/index.php\/wp-json\/wp\/v2\/tags?post=4436"}],"curies":[{"name":"wp","href":"https:\/\/api.w.org\/{rel}","templated":true}]}}