{"id":4395,"date":"2023-09-26T14:27:00","date_gmt":"2023-09-26T17:27:00","guid":{"rendered":"https:\/\/suburbionoar.com.br\/?p=4395"},"modified":"2023-09-26T14:27:03","modified_gmt":"2023-09-26T17:27:03","slug":"ponte-preta-rescinde-contrato-do-atacante-andre-apos-tres-meses-e-um-gol","status":"publish","type":"post","link":"https:\/\/suburbionoar.com.br\/index.php\/2023\/09\/26\/ponte-preta-rescinde-contrato-do-atacante-andre-apos-tres-meses-e-um-gol\/","title":{"rendered":"Ponte Preta rescinde contrato do atacante Andr\u00e9 ap\u00f3s tr\u00eas meses e um gol"},"content":{"rendered":"\n<p>A Ponte Preta rescindiu o contrato do atacante Andr\u00e9, de 32 anos. As duas partes assinaram o distrato nesta segunda-feira (25). O v\u00ednculo do atleta com o clube de Campinas iria at\u00e9 dezembro deste ano.<\/p>\n\n\n\n<p>Com passagem por clubes como Santos, Sport, Corinthians, Vasco, Gr\u00eamio, Atl\u00e9tico-MG, entre outros, Andr\u00e9 foi a principal contrata\u00e7\u00e3o da Macaca na \u00faltima janela de transfer\u00eancias. No entanto, ele ficou apenas tr\u00eas meses no clube onde disputou 10 jogos e marcou um gol. A \u00fanica vez que balan\u00e7ou as redes foi diante do Vit\u00f3ria no empate em 2 a 2, quando acertou um lindo voleio. O jogo aconteceu no dia 30 de julho e foi v\u00e1lido pela 20\u00aa rodada da S\u00e9rie B.<\/p>\n\n\n\n<p>A sa\u00edda de Andr\u00e9 acontece em meio ao mau momento vivido pela Ponte Preta na Segundona. A Macaca n\u00e3o vence h\u00e1 quatro partidas, acumulando duas derrotas e dois empates, e ocupa a 15\u00aa posi\u00e7\u00e3o na tabela de classifica\u00e7\u00e3o com 33 pontos, cinco a mais da zona de rebaixamento. O pr\u00f3ximo compromisso do time de Campinas ser\u00e1 no s\u00e1bado (30), \u00e0s 18h, contra o lanterna ABC, no Frasqueir\u00e3o, pela 30\u00aa rodada.<\/p>\n\n\n\n<p>Fonte: Bahia Not\u00edcias <\/p>\n","protected":false},"excerpt":{"rendered":"<p>A Ponte Preta rescindiu o contrato do atacante Andr\u00e9, de 32 anos. As duas partes assinaram o distrato nesta segunda-feira (25). O v\u00ednculo do atleta com o clube de Campinas iria at\u00e9 dezembro deste ano. Com passagem por clubes como Santos, Sport, Corinthians, Vasco, Gr\u00eamio, Atl\u00e9tico-MG, entre outros, Andr\u00e9 foi a principal contrata\u00e7\u00e3o da Macaca [&hellip;]<\/p>\n","protected":false},"author":2,"featured_media":4396,"comment_status":"open","ping_status":"open","sticky":false,"template":"","format":"standard","meta":{"footnotes":""},"categories":[89],"tags":[],"class_list":["post-4395","post","type-post","status-publish","format-standard","has-post-thumbnail","hentry","category-esportes"],"_links":{"self":[{"href":"https:\/\/suburbionoar.com.br\/index.php\/wp-json\/wp\/v2\/posts\/4395","targetHints":{"allow":["GET"]}}],"collection":[{"href":"https:\/\/suburbionoar.com.br\/index.php\/wp-json\/wp\/v2\/posts"}],"about":[{"href":"https:\/\/suburbionoar.com.br\/index.php\/wp-json\/wp\/v2\/types\/post"}],"author":[{"embeddable":true,"href":"https:\/\/suburbionoar.com.br\/index.php\/wp-json\/wp\/v2\/users\/2"}],"replies":[{"embeddable":true,"href":"https:\/\/suburbionoar.com.br\/index.php\/wp-json\/wp\/v2\/comments?post=4395"}],"version-history":[{"count":1,"href":"https:\/\/suburbionoar.com.br\/index.php\/wp-json\/wp\/v2\/posts\/4395\/revisions"}],"predecessor-version":[{"id":4397,"href":"https:\/\/suburbionoar.com.br\/index.php\/wp-json\/wp\/v2\/posts\/4395\/revisions\/4397"}],"wp:featuredmedia":[{"embeddable":true,"href":"https:\/\/suburbionoar.com.br\/index.php\/wp-json\/wp\/v2\/media\/4396"}],"wp:attachment":[{"href":"https:\/\/suburbionoar.com.br\/index.php\/wp-json\/wp\/v2\/media?parent=4395"}],"wp:term":[{"taxonomy":"category","embeddable":true,"href":"https:\/\/suburbionoar.com.br\/index.php\/wp-json\/wp\/v2\/categories?post=4395"},{"taxonomy":"post_tag","embeddable":true,"href":"https:\/\/suburbionoar.com.br\/index.php\/wp-json\/wp\/v2\/tags?post=4395"}],"curies":[{"name":"wp","href":"https:\/\/api.w.org\/{rel}","templated":true}]}}