{"id":4364,"date":"2023-09-25T11:34:43","date_gmt":"2023-09-25T14:34:43","guid":{"rendered":"https:\/\/suburbionoar.com.br\/?p=4364"},"modified":"2023-09-25T11:34:45","modified_gmt":"2023-09-25T14:34:45","slug":"bahia-pode-voltar-para-a-zona-de-rebaixamento-da-serie-a-nesta-segunda-feira","status":"publish","type":"post","link":"https:\/\/suburbionoar.com.br\/index.php\/2023\/09\/25\/bahia-pode-voltar-para-a-zona-de-rebaixamento-da-serie-a-nesta-segunda-feira\/","title":{"rendered":"Bahia pode voltar para a zona de rebaixamento da S\u00e9rie A nesta segunda-feira"},"content":{"rendered":"\n<p>Vivendo situa\u00e7\u00e3o delicada no campeonato, o\u00a0Bahia\u00a0pode voltar \u00e0 zona de rebaixamento da\u00a0S\u00e9rie A do Campeonato Brasileiro\u00a0ainda nesta segunda-feira (25). Isso porque o Vasco enfrenta o Am\u00e9rica-MG em Belo Horizonte, \u00e0s 20h, e caso consiga uma vit\u00f3ria, ultrapassa o Esquadr\u00e3o de A\u00e7o na tabela de classifica\u00e7\u00e3o.<\/p>\n\n\n\n<p>Com um jogo a menos, a equipe cruzmaltina est\u00e1 na 18\u00aa coloca\u00e7\u00e3o da competi\u00e7\u00e3o, com 23 pontos. Vencendo, o Vasco vai a 26, um a mais que o Bahia, atual 16\u00ba colocado, com 25 pontos conquistados.<\/p>\n\n\n\n<p><strong>Confira a tabela de classifica\u00e7\u00e3o atualizada:<\/strong><\/p>\n\n\n\n<figure class=\"wp-block-image size-full\"><img loading=\"lazy\" decoding=\"async\" width=\"498\" height=\"548\" src=\"https:\/\/suburbionoar.com.br\/wp-content\/uploads\/2023\/09\/image-1.png\" alt=\"\" class=\"wp-image-4366\" srcset=\"https:\/\/suburbionoar.com.br\/wp-content\/uploads\/2023\/09\/image-1.png 498w, https:\/\/suburbionoar.com.br\/wp-content\/uploads\/2023\/09\/image-1-273x300.png 273w\" sizes=\"auto, (max-width: 498px) 100vw, 498px\" \/><\/figure>\n\n\n\n<p><strong>PR\u00d3XIMO DUELO<\/strong><\/p>\n\n\n\n<p>O Bahia volta a campo pelo Campeonato Brasileiro no pr\u00f3ximo s\u00e1bado (30). O Tricolor de A\u00e7o vai ao Maracan\u00e3, no Rio de Janeiro, enfrentar o Flamengo. A partida, v\u00e1lida pela 25\u00aa rodada da competi\u00e7\u00e3o, est\u00e1 marcada para \u00e0s 16h.<\/p>\n\n\n\n<p>Fonte: Bnews <\/p>\n","protected":false},"excerpt":{"rendered":"<p>Vivendo situa\u00e7\u00e3o delicada no campeonato, o\u00a0Bahia\u00a0pode voltar \u00e0 zona de rebaixamento da\u00a0S\u00e9rie A do Campeonato Brasileiro\u00a0ainda nesta segunda-feira (25). Isso porque o Vasco enfrenta o Am\u00e9rica-MG em Belo Horizonte, \u00e0s 20h, e caso consiga uma vit\u00f3ria, ultrapassa o Esquadr\u00e3o de A\u00e7o na tabela de classifica\u00e7\u00e3o. Com um jogo a menos, a equipe cruzmaltina est\u00e1 na [&hellip;]<\/p>\n","protected":false},"author":2,"featured_media":4365,"comment_status":"open","ping_status":"open","sticky":false,"template":"","format":"standard","meta":{"footnotes":""},"categories":[89],"tags":[],"class_list":["post-4364","post","type-post","status-publish","format-standard","has-post-thumbnail","hentry","category-esportes"],"_links":{"self":[{"href":"https:\/\/suburbionoar.com.br\/index.php\/wp-json\/wp\/v2\/posts\/4364","targetHints":{"allow":["GET"]}}],"collection":[{"href":"https:\/\/suburbionoar.com.br\/index.php\/wp-json\/wp\/v2\/posts"}],"about":[{"href":"https:\/\/suburbionoar.com.br\/index.php\/wp-json\/wp\/v2\/types\/post"}],"author":[{"embeddable":true,"href":"https:\/\/suburbionoar.com.br\/index.php\/wp-json\/wp\/v2\/users\/2"}],"replies":[{"embeddable":true,"href":"https:\/\/suburbionoar.com.br\/index.php\/wp-json\/wp\/v2\/comments?post=4364"}],"version-history":[{"count":1,"href":"https:\/\/suburbionoar.com.br\/index.php\/wp-json\/wp\/v2\/posts\/4364\/revisions"}],"predecessor-version":[{"id":4367,"href":"https:\/\/suburbionoar.com.br\/index.php\/wp-json\/wp\/v2\/posts\/4364\/revisions\/4367"}],"wp:featuredmedia":[{"embeddable":true,"href":"https:\/\/suburbionoar.com.br\/index.php\/wp-json\/wp\/v2\/media\/4365"}],"wp:attachment":[{"href":"https:\/\/suburbionoar.com.br\/index.php\/wp-json\/wp\/v2\/media?parent=4364"}],"wp:term":[{"taxonomy":"category","embeddable":true,"href":"https:\/\/suburbionoar.com.br\/index.php\/wp-json\/wp\/v2\/categories?post=4364"},{"taxonomy":"post_tag","embeddable":true,"href":"https:\/\/suburbionoar.com.br\/index.php\/wp-json\/wp\/v2\/tags?post=4364"}],"curies":[{"name":"wp","href":"https:\/\/api.w.org\/{rel}","templated":true}]}}