{"id":4239,"date":"2023-09-20T15:38:06","date_gmt":"2023-09-20T18:38:06","guid":{"rendered":"https:\/\/suburbionoar.com.br\/?p=4239"},"modified":"2023-09-20T15:38:08","modified_gmt":"2023-09-20T18:38:08","slug":"proibir-paredoes-na-bahia-adolfo-menezes-diz-o-que-pensa-a-alba","status":"publish","type":"post","link":"https:\/\/suburbionoar.com.br\/index.php\/2023\/09\/20\/proibir-paredoes-na-bahia-adolfo-menezes-diz-o-que-pensa-a-alba\/","title":{"rendered":"Proibir pared\u00f5es na Bahia? Adolfo Menezes diz o que pensa a ALBA"},"content":{"rendered":"\n<p>Durante a\u00a0reuni\u00e3o do secret\u00e1rio Marcelo Werner com deputados estaduais\u00a0na Assembleia Legislativa da Bahia (ALBA), para prestar conta das a\u00e7\u00f5es da SSP de combate ao crime organizado, o presidente da Casa, Adolfo Menezes (PSD),\u00a0respondeu questionamentos da imprensa\u00a0sobre uma poss\u00edvel proibi\u00e7\u00e3o de festas pared\u00e3o, que muitas vezes s\u00e3o financiadas por fac\u00e7\u00f5es criminosas.\u00a0 <\/p>\n\n\n\n<p>Estados como o Cear\u00e1, j\u00e1 proibiram o tipo de atividade em vias p\u00fablicas e espa\u00e7os p\u00fablicos. A medida foi do Governo estadual, por meio de decreto, em 2022.&nbsp;<\/p>\n\n\n\n<p>&#8220;Tudo passa aqui pela Assembleia em rela\u00e7\u00e3o aos pared\u00f5es. J\u00e1 existem em outros estados, como no Cear\u00e1, proibi\u00e7\u00e3o total, mas aqui n\u00f3s n\u00e3o nos debru\u00e7amos ainda sobre isso. \u00c9 um assunto para levarmos, eu sei, em alguns munic\u00edpios, pelo pr\u00f3prio comando [da PM], n\u00e3o deixa que isso aconte\u00e7a, mas ainda n\u00e3o \u00e9 uma regra geral para toda a Bahia&#8221;, disse o presidente sobre o que o Legislativo pode fazer sobre o tema.<\/p>\n\n\n\n<p>&#8220;Vamos levar esse assunto aqui para as comiss\u00f5es, para ver o que \u00e9 que a gente faz, para diminuir&#8230; j\u00e1 houve aqui uma tentativa, mas como se diz, \u00e9 um inferno completo, uma falta de respeito. Som estridente incomodando as pessoas doentes, pessoas mais velhas, jovens, quer dizer, a lei de sil\u00eancio tende a ser&#8230;a prefeitura tamb\u00e9m tem feito a sua parte, aprendido nas blitze, mas vamos ver se a gente se debru\u00e7a sobre isso, at\u00e9 para provar uma lei que de fato pro\u00edba de uma vez os pared\u00f5es, sabe que \u00e9 uma divers\u00e3o, agora voc\u00ea n\u00e3o pode se divestir incomodando as outras pessoas&#8221;, pontuou.<\/p>\n\n\n\n<p>Fonte: ATarde <\/p>\n","protected":false},"excerpt":{"rendered":"<p>Durante a\u00a0reuni\u00e3o do secret\u00e1rio Marcelo Werner com deputados estaduais\u00a0na Assembleia Legislativa da Bahia (ALBA), para prestar conta das a\u00e7\u00f5es da SSP de combate ao crime organizado, o presidente da Casa, Adolfo Menezes (PSD),\u00a0respondeu questionamentos da imprensa\u00a0sobre uma poss\u00edvel proibi\u00e7\u00e3o de festas pared\u00e3o, que muitas vezes s\u00e3o financiadas por fac\u00e7\u00f5es criminosas.\u00a0 Estados como o Cear\u00e1, j\u00e1 [&hellip;]<\/p>\n","protected":false},"author":2,"featured_media":4240,"comment_status":"open","ping_status":"open","sticky":false,"template":"","format":"standard","meta":{"footnotes":""},"categories":[85],"tags":[],"class_list":["post-4239","post","type-post","status-publish","format-standard","has-post-thumbnail","hentry","category-noticias"],"_links":{"self":[{"href":"https:\/\/suburbionoar.com.br\/index.php\/wp-json\/wp\/v2\/posts\/4239","targetHints":{"allow":["GET"]}}],"collection":[{"href":"https:\/\/suburbionoar.com.br\/index.php\/wp-json\/wp\/v2\/posts"}],"about":[{"href":"https:\/\/suburbionoar.com.br\/index.php\/wp-json\/wp\/v2\/types\/post"}],"author":[{"embeddable":true,"href":"https:\/\/suburbionoar.com.br\/index.php\/wp-json\/wp\/v2\/users\/2"}],"replies":[{"embeddable":true,"href":"https:\/\/suburbionoar.com.br\/index.php\/wp-json\/wp\/v2\/comments?post=4239"}],"version-history":[{"count":1,"href":"https:\/\/suburbionoar.com.br\/index.php\/wp-json\/wp\/v2\/posts\/4239\/revisions"}],"predecessor-version":[{"id":4241,"href":"https:\/\/suburbionoar.com.br\/index.php\/wp-json\/wp\/v2\/posts\/4239\/revisions\/4241"}],"wp:featuredmedia":[{"embeddable":true,"href":"https:\/\/suburbionoar.com.br\/index.php\/wp-json\/wp\/v2\/media\/4240"}],"wp:attachment":[{"href":"https:\/\/suburbionoar.com.br\/index.php\/wp-json\/wp\/v2\/media?parent=4239"}],"wp:term":[{"taxonomy":"category","embeddable":true,"href":"https:\/\/suburbionoar.com.br\/index.php\/wp-json\/wp\/v2\/categories?post=4239"},{"taxonomy":"post_tag","embeddable":true,"href":"https:\/\/suburbionoar.com.br\/index.php\/wp-json\/wp\/v2\/tags?post=4239"}],"curies":[{"name":"wp","href":"https:\/\/api.w.org\/{rel}","templated":true}]}}