{"id":4236,"date":"2023-09-20T15:10:39","date_gmt":"2023-09-20T18:10:39","guid":{"rendered":"https:\/\/suburbionoar.com.br\/?p=4236"},"modified":"2023-09-20T15:10:41","modified_gmt":"2023-09-20T18:10:41","slug":"sbim-aponta-melhora-e-evolucao-na-cobertura-vacinal-do-brasil","status":"publish","type":"post","link":"https:\/\/suburbionoar.com.br\/index.php\/2023\/09\/20\/sbim-aponta-melhora-e-evolucao-na-cobertura-vacinal-do-brasil\/","title":{"rendered":"SBIM aponta melhora e evolu\u00e7\u00e3o na cobertura vacinal do Brasil"},"content":{"rendered":"\n<p>A queda das coberturas vacinais no Brasil come\u00e7ou a ser revertida neste ano, segundo a Sociedade Brasileira de Imuniza\u00e7\u00f5es (SBIM). O pa\u00eds que tinha enfrentado uma queda na cobertura vacinal entre 2021 e 2022, agora passa por uma retomada das coberturas vacinais conforme apontou o \u00f3rg\u00e3o.&nbsp;<\/p>\n\n\n\n<p>Segundo publica\u00e7\u00e3o da Ag\u00eancia Brasil, a presidente da SBIM, M\u00f4nica Levi, apontou que existe uma grande expectativa com o avan\u00e7o da cobertura, que tinha sofrido queda, mas que est\u00e1 sendo revertida.&nbsp;<\/p>\n\n\n\n<p>\u201c\u00c9 um trabalho bem \u00e1rduo, porque quando voc\u00ea consegue causar medo e desconfian\u00e7a, \u00e9 muito dif\u00edcil retomar isso. Mas sou uma pessoa otimista, acho que estamos caminhando. As coberturas vacinais j\u00e1 est\u00e3o melhores que em 2021 e 2022. Acho que vamos conseguir, mas recuperar todo o estrago demora um pouco para voltarmos a ser um exemplo\u201d, indicou.<\/p>\n\n\n\n<p>O assunto ser\u00e1 um dos temas discutidos entre especialistas que estar\u00e3o reunidos entre esta quarta-feira (20) at\u00e9 o pr\u00f3ximo s\u00e1bado (23), durante a Jornada Nacional de Imuniza\u00e7\u00f5es.&nbsp;<\/p>\n\n\n\n<p>A SBIM que organiza a jornada que ser\u00e1 realizada no ano em que o PNI completa meio s\u00e9culo de vida. O evento deve contar com um f\u00f3rum especial de sa\u00fade p\u00fablica em que representantes do Minist\u00e9rio da Sa\u00fade, Fundo das Na\u00e7\u00f5es Unidas para a Inf\u00e2ncia (Unicef), Organiza\u00e7\u00e3o Pan-Americana de Sa\u00fade (Opas) e secretarias municipais e estaduais de sa\u00fade discutir\u00e3o os pr\u00f3ximos passos para a retomada das coberturas vacinais e devem apresentar mais informa\u00e7\u00f5es e dados sobre o tema.\u00a0<\/p>\n\n\n\n<p>Fonte: Bahia Not\u00edcias <\/p>\n","protected":false},"excerpt":{"rendered":"<p>A queda das coberturas vacinais no Brasil come\u00e7ou a ser revertida neste ano, segundo a Sociedade Brasileira de Imuniza\u00e7\u00f5es (SBIM). O pa\u00eds que tinha enfrentado uma queda na cobertura vacinal entre 2021 e 2022, agora passa por uma retomada das coberturas vacinais conforme apontou o \u00f3rg\u00e3o.&nbsp; Segundo publica\u00e7\u00e3o da Ag\u00eancia Brasil, a presidente da SBIM, [&hellip;]<\/p>\n","protected":false},"author":2,"featured_media":4237,"comment_status":"open","ping_status":"open","sticky":false,"template":"","format":"standard","meta":{"footnotes":""},"categories":[94],"tags":[],"class_list":["post-4236","post","type-post","status-publish","format-standard","has-post-thumbnail","hentry","category-saude-2"],"_links":{"self":[{"href":"https:\/\/suburbionoar.com.br\/index.php\/wp-json\/wp\/v2\/posts\/4236","targetHints":{"allow":["GET"]}}],"collection":[{"href":"https:\/\/suburbionoar.com.br\/index.php\/wp-json\/wp\/v2\/posts"}],"about":[{"href":"https:\/\/suburbionoar.com.br\/index.php\/wp-json\/wp\/v2\/types\/post"}],"author":[{"embeddable":true,"href":"https:\/\/suburbionoar.com.br\/index.php\/wp-json\/wp\/v2\/users\/2"}],"replies":[{"embeddable":true,"href":"https:\/\/suburbionoar.com.br\/index.php\/wp-json\/wp\/v2\/comments?post=4236"}],"version-history":[{"count":1,"href":"https:\/\/suburbionoar.com.br\/index.php\/wp-json\/wp\/v2\/posts\/4236\/revisions"}],"predecessor-version":[{"id":4238,"href":"https:\/\/suburbionoar.com.br\/index.php\/wp-json\/wp\/v2\/posts\/4236\/revisions\/4238"}],"wp:featuredmedia":[{"embeddable":true,"href":"https:\/\/suburbionoar.com.br\/index.php\/wp-json\/wp\/v2\/media\/4237"}],"wp:attachment":[{"href":"https:\/\/suburbionoar.com.br\/index.php\/wp-json\/wp\/v2\/media?parent=4236"}],"wp:term":[{"taxonomy":"category","embeddable":true,"href":"https:\/\/suburbionoar.com.br\/index.php\/wp-json\/wp\/v2\/categories?post=4236"},{"taxonomy":"post_tag","embeddable":true,"href":"https:\/\/suburbionoar.com.br\/index.php\/wp-json\/wp\/v2\/tags?post=4236"}],"curies":[{"name":"wp","href":"https:\/\/api.w.org\/{rel}","templated":true}]}}