{"id":4219,"date":"2023-09-20T11:32:27","date_gmt":"2023-09-20T14:32:27","guid":{"rendered":"https:\/\/suburbionoar.com.br\/?p=4219"},"modified":"2023-09-20T11:32:29","modified_gmt":"2023-09-20T14:32:29","slug":"hpv-30-das-vitimas-de-violencia-sexual-desenvolvem-lesoes-causadas-pelo-virus-diz-ginecologista","status":"publish","type":"post","link":"https:\/\/suburbionoar.com.br\/index.php\/2023\/09\/20\/hpv-30-das-vitimas-de-violencia-sexual-desenvolvem-lesoes-causadas-pelo-virus-diz-ginecologista\/","title":{"rendered":"HPV: 30% das v\u00edtimas de viol\u00eancia sexual desenvolvem les\u00f5es causadas pelo v\u00edrus, diz ginecologista"},"content":{"rendered":"\n<p>A m\u00e9dica ginecologista e obstetr\u00edcia Patr\u00edcia Carneiro detalhou ao programa&nbsp;<strong>Metropole Sa\u00fade<\/strong>, da&nbsp;<strong>R\u00e1dio Metropole<\/strong>, na \u00faltima segunda-feira (18), a nova portaria do Minist\u00e9rio da Sa\u00fade que inclui v\u00edtimas de viol\u00eancia sexual como grupo priorit\u00e1rio para imuniza\u00e7\u00e3o contra o v\u00edrus HPV (papilomav\u00edrus humano).&nbsp;<\/p>\n\n\n\n<p>De acordo com Patr\u00edcia, a inser\u00e7\u00e3o dessas pessoas acontece em um momento de dados alarmantes, os quais revelam que 30% das pessoas que s\u00e3o v\u00edtimas de viol\u00eancia sexual evoluem com algum tipo de les\u00e3o causada pelo v\u00edrus. Um boletim epidemiol\u00f3gico divulgado pelo Minist\u00e9rio da Sa\u00fade, em maio deste ano, mostrou que&nbsp;entre 2015 e 2021, foram notificados 202.948 casos contra crian\u00e7as e adolescentes.<\/p>\n\n\n\n<p>\u201cSomente a&nbsp;notifica\u00e7\u00e3o em S\u00e3o Paulo chega a nove mil casos por ano. Uma nova portaria publicada no dia 2 de agosto traz o p\u00fablico v\u00edtima de viol\u00eancia sexual. A pessoa entre 9 e 45 anos de idade que ainda n\u00e3o tenha se vacinado entra como grupo priorit\u00e1rio, de gra\u00e7a e na rede SUS\u201d, explicou. Al\u00e9m das v\u00edtimas, podem receber o imunizante na janela de 9 e 45 anos imunossupressos e portadores do HIV. Para os demais, que n\u00e3o possuem condi\u00e7\u00f5es, a vacina est\u00e1 dispon\u00edvel no sistema privado.<\/p>\n\n\n\n<p>Infec\u00e7\u00e3o sexualmente transmiss\u00edvel mais comum no mundo, o HPV est\u00e1 associado a 80% dos casos de c\u00e2ncer do colo do \u00fatero e a mais da metade dos casos de c\u00e2ncer na vulva, p\u00eanis, \u00e2nus e orofaringe, al\u00e9m de provocar 90% das verrugas genitais.<\/p>\n\n\n\n<p><strong>Import\u00e2ncia da vacina<\/strong><\/p>\n\n\n\n<p>A ginecologista destaca que a vacina\u00e7\u00e3o \u00e9 o meio mais efetivo de se prevenir do HPV. Segundo ela, o imunizante protege \u00e1reas que o uso do preservativo n\u00e3o consegue abarcar.&nbsp;A Campanha Nacional de Vacina\u00e7\u00e3o no Brasil disponibiliza as vacinas para crian\u00e7as entre 9 e 14 anos, al\u00e9m dos grupos priorit\u00e1rios.&nbsp;<\/p>\n\n\n\n<p>\u201cPrecisamos estar de m\u00e3os dadas nessa tentativa de preven\u00e7\u00e3o no m\u00e1ximo que pudermos e a vacina \u00e9 a nossa parceira [&#8230;] \u00c9 uma forma que temos ativa de preven\u00e7\u00e3o. Sobre preservativos, o feminino protege mais por pegar a regi\u00e3o da vulva, j\u00e1 o masculino s\u00f3 envolve mesmo o p\u00eanis. Nas preliminares, principalmente no casal jovem, aquele momento tamb\u00e9m \u00e9 de risco. Temos pacientes que usaram preservativos e infelizmente evoluiu para algum tipo de verruga genital ou les\u00e3o. A vacina \u00e9 a forma de proteger esses outros locais que o preservativo n\u00e3o consegue\u201d, disse.&nbsp;<\/p>\n\n\n\n<p>Conforme a especialista, o objetivo da imuniza\u00e7\u00e3o, ainda na inf\u00e2ncia, \u00e9 evitar as consequ\u00eancias das causas do v\u00edrus a longo prazo. A esperan\u00e7a \u00e9 de que com a vacina\u00e7\u00e3o em massa, o c\u00e2ncer de colo de \u00fatero causado pelo HPV seja vencido.<\/p>\n\n\n\n<p>\u201cQuando a gente pensa em estrat\u00e9gias do Minist\u00e9rio da Sa\u00fade, a gente pensa no nosso p\u00fablico. O que vamos esperar para ele em dez anos? A vacina dada hoje protege do c\u00e2ncer que acontece a longo prazo, voc\u00ea est\u00e1 prevenindo les\u00f5es futuras [&#8230;] A inten\u00e7\u00e3o a n\u00edvel de sa\u00fade p\u00fablica \u00e9 que a gera\u00e7\u00e3o agora vacinada esteja livre do risco de colo de \u00fatero causado pelo HPV\u201d.&nbsp;<\/p>\n\n\n\n<p><strong>Riscos na cavidade oral<\/strong><\/p>\n\n\n\n<p>Ainda conforme a especialista, o HPV n\u00e3o \u00e9 uma preocupa\u00e7\u00e3o apenas das \u00e1reas que tratam das partes \u00edntimas, como a ginecologia e a coloproctologia, mas tamb\u00e9m a mucomaxila, devido as les\u00f5es na cavidade oral. O v\u00edrus atinge a regi\u00e3o bucal atrav\u00e9s de diversas \u201cportas de entrada\u201d, em contato com o sexo oral e o beijo, que n\u00e3o s\u00e3o protegidos por preservativos.<\/p>\n\n\n\n<p>\u201cSe voc\u00ea tem uma les\u00e3o em atividade e voc\u00ea tem uma porta de entrada, existe sim o risco. O sexo oral \u00e9 uma das formas de ser contaminado pelo v\u00edrus do HPV e o beijo entra nesse contamina\u00e7\u00e3o porque se o paciente tem uma verruga na cavidade oral ele pode estar passando adiante, por n\u00e3o ter como usar camisinha. Por isso, vacinar \u00e9 t\u00e3o importante\u201d.<\/p>\n\n\n\n<p>Fonte: Metro1 <\/p>\n","protected":false},"excerpt":{"rendered":"<p>A m\u00e9dica ginecologista e obstetr\u00edcia Patr\u00edcia Carneiro detalhou ao programa&nbsp;Metropole Sa\u00fade, da&nbsp;R\u00e1dio Metropole, na \u00faltima segunda-feira (18), a nova portaria do Minist\u00e9rio da Sa\u00fade que inclui v\u00edtimas de viol\u00eancia sexual como grupo priorit\u00e1rio para imuniza\u00e7\u00e3o contra o v\u00edrus HPV (papilomav\u00edrus humano).&nbsp; De acordo com Patr\u00edcia, a inser\u00e7\u00e3o dessas pessoas acontece em um momento de dados [&hellip;]<\/p>\n","protected":false},"author":2,"featured_media":4220,"comment_status":"open","ping_status":"open","sticky":false,"template":"","format":"standard","meta":{"footnotes":""},"categories":[85],"tags":[],"class_list":["post-4219","post","type-post","status-publish","format-standard","has-post-thumbnail","hentry","category-noticias"],"_links":{"self":[{"href":"https:\/\/suburbionoar.com.br\/index.php\/wp-json\/wp\/v2\/posts\/4219","targetHints":{"allow":["GET"]}}],"collection":[{"href":"https:\/\/suburbionoar.com.br\/index.php\/wp-json\/wp\/v2\/posts"}],"about":[{"href":"https:\/\/suburbionoar.com.br\/index.php\/wp-json\/wp\/v2\/types\/post"}],"author":[{"embeddable":true,"href":"https:\/\/suburbionoar.com.br\/index.php\/wp-json\/wp\/v2\/users\/2"}],"replies":[{"embeddable":true,"href":"https:\/\/suburbionoar.com.br\/index.php\/wp-json\/wp\/v2\/comments?post=4219"}],"version-history":[{"count":1,"href":"https:\/\/suburbionoar.com.br\/index.php\/wp-json\/wp\/v2\/posts\/4219\/revisions"}],"predecessor-version":[{"id":4221,"href":"https:\/\/suburbionoar.com.br\/index.php\/wp-json\/wp\/v2\/posts\/4219\/revisions\/4221"}],"wp:featuredmedia":[{"embeddable":true,"href":"https:\/\/suburbionoar.com.br\/index.php\/wp-json\/wp\/v2\/media\/4220"}],"wp:attachment":[{"href":"https:\/\/suburbionoar.com.br\/index.php\/wp-json\/wp\/v2\/media?parent=4219"}],"wp:term":[{"taxonomy":"category","embeddable":true,"href":"https:\/\/suburbionoar.com.br\/index.php\/wp-json\/wp\/v2\/categories?post=4219"},{"taxonomy":"post_tag","embeddable":true,"href":"https:\/\/suburbionoar.com.br\/index.php\/wp-json\/wp\/v2\/tags?post=4219"}],"curies":[{"name":"wp","href":"https:\/\/api.w.org\/{rel}","templated":true}]}}